{"id":12290,"date":"2026-04-24T23:51:59","date_gmt":"2026-04-25T03:51:59","guid":{"rendered":"https:\/\/nna-ccj.ca\/?p=12290"},"modified":"2026-04-24T23:52:02","modified_gmt":"2026-04-25T03:52:02","slug":"le-concours-canadien-de-journalisme-annonce-les-gagnants-de-2025","status":"publish","type":"post","link":"https:\/\/nna-ccj.ca\/fr\/le-concours-canadien-de-journalisme-annonce-les-gagnants-de-2025\/","title":{"rendered":"Le Concours canadien de journalisme annonce les gagnants de 2025\u00a0"},"content":{"rendered":"\n<p>Le Nunatsiaq News a remport\u00e9 son premier prix du Concours canadien de journalisme pour un num\u00e9ro sp\u00e9cial publi\u00e9 en inuktitut et en anglais \u2013 l\u2019un des 27 prix annonc\u00e9s lors d\u2019un gala \u00e0 Toronto.&nbsp;<\/p>\n\n\n\n<p>Carrie Tait du Globe and Mail a \u00e9t\u00e9 d\u00e9sign\u00e9e Journaliste de l\u2019ann\u00e9e apr\u00e8s avoir gagn\u00e9 le prix de la cat\u00e9gorie Politique ainsi que celui de Grande Enqu\u00eate \u00e0 titre de reporter principale dans le cadre d\u2019une candidature d\u2019\u00e9quipe pour la couverture exclusive de la controverse politique sur les soins de sant\u00e9 en Alberta.<\/p>\n\n\n\n<p>Les juges ont affirm\u00e9 que la couverture de Carrie Tait sur la politique albertaine s\u2019est d\u00e9marqu\u00e9e comme un mod\u00e8le de rigueur d\u2019enqu\u00eate et de courage personnel. \u00abSes reportages ont fait plus que relater des \u00e9v\u00e9nements; ils ont modifi\u00e9 le paysage politique de la province, d\u00e9clenchant des cons\u00e9quences concr\u00e8tes et obligeant les plus hauts niveaux de gouvernement \u00e0 rendre des comptes\u00bb.<\/p>\n\n\n\n<p>Ils ont not\u00e9 le contexte dans lequel les reportages ont \u00e9t\u00e9 r\u00e9alis\u00e9s : Carrie Tait a fait l\u2019objet d\u2019une campagne d\u2019intimidation soutenue, notamment au moyen d\u2019une poursuite judiciaire, ainsi que d\u2019actes de harc\u00e8lement et de surveillance.&nbsp;<\/p>\n\n\n\n<p>\u00abCarrie Tait n\u2019a pas recul\u00e9, ont dit les juges, elle a continu\u00e9 \u00e0 travailler avec discipline, pr\u00e9cision et retenue, g\u00e9rant les risques personnels avec un professionnalisme qui a inspir\u00e9 ses coll\u00e8gues dans toute la profession\u00bb.<\/p>\n\n\n\n<p>La Presse Canadienne a remport\u00e9 le Projet de l\u2019ann\u00e9e pour sa couverture exhaustive de la r\u00e9gion du Cercle de feu dans le Nord ontarien. Le reporter Liam Casey et le photographe Christopher Katsarov Luna ont consacr\u00e9 des mois \u00e0 un vaste projet multim\u00e9dia visant \u00e0 explorer les enjeux, l&rsquo;environnement et les gens. &nbsp;<\/p>\n\n\n\n<p>Les juges ont dit que le projet \u2014 qui comprend un reportage en neuf parties, de superbes galeries de photos et des vid\u00e9os \u2014 donne une r\u00e9elle profondeur \u00e0 un sujet qui traite des opportunit\u00e9s \u00e9conomiques, des droits des peuples autochtones et des complexit\u00e9s du d\u00e9veloppement.<\/p>\n\n\n\n<p>Le Toronto Star a gagn\u00e9 le premier prix d\u2019Innovation en journalisme du CCJ. Cody Gault et Lucas Timmons ont d\u00e9velopp\u00e9 un moteur de recherche automatis\u00e9 en langage naturel qui associait les donn\u00e9es \u00e9lectorales \u00e0 des articles types r\u00e9dig\u00e9s par des journalistes, &nbsp;fournissant des donn\u00e9es en temps r\u00e9el pour les 343 circonscriptions \u00e0 travers le Canada lors de l\u2019\u00e9lection de 2025.&nbsp;<\/p>\n\n\n\n<p>Les juges ont \u00e9t\u00e9 impressionn\u00e9s par les caract\u00e9ristiques du produit et par le travail d&rsquo;\u00e9quipe interfonctionnel, et ont d\u00e9clar\u00e9 : \u00ab Le Star a identifi\u00e9 un domaine v\u00e9ritablement mal desservi et a mis au point une solution pour y rem\u00e9dier. \u00bb<\/p>\n\n\n\n<p><strong>Autres faits saillants :<\/strong><\/p>\n\n\n\n<ul class=\"wp-block-list\">\n<li>Le Globe and Mail vient en t\u00eate de toutes les organisations avec huit prix. La Presse Canadienne en a quatre. Le Toronto Star et La Presse en ont trois chacun. Dix autres publications ont obtenu un prix chacune.<\/li>\n<\/ul>\n\n\n\n<ul class=\"wp-block-list\">\n<li>Il y a eu 18 gagnants pour une premi\u00e8re fois cette ann\u00e9e, sans compter les \u00e9quipes en lice. Parmi eux, on compte la Journaliste de l\u2019ann\u00e9e, Carrie Tait, et le photographe Darryl Dyck, qui a \u00e9t\u00e9 six fois finaliste par le pass\u00e9.\u00a0<\/li>\n\n\n\n<li>Mark MacKinnon du Globe and Mail a remport\u00e9 un neuvi\u00e8me prix du CCJ (Reportage international), \u00e9galant le record d\u00e9tenu par Bruce MacKinnon du Chronicle Herald (aucun lien de parent\u00e9) et Grant Robertson du Globe and Mail.<\/li>\n\n\n\n<li>Le photographe de La Presse Olivier Jean a remport\u00e9 un prix \u00e0 titre posthume, partageant le prix du Sport avec la reporter Ariane Lacoursi\u00e8re. Il a \u00e9galement \u00e9t\u00e9 honor\u00e9 dans le cadre d\u2019un hommage aux photographes s\u00e9lectionn\u00e9s pour le CCJ qui sont d\u00e9c\u00e9d\u00e9s au cours de l\u2019ann\u00e9e \u00e9coul\u00e9e.<\/li>\n<\/ul>\n\n\n\n<p>Les finalistes ont \u00e9t\u00e9 s\u00e9lectionn\u00e9s par un comit\u00e9 de trois juges dans chacune des 27 cat\u00e9gories du CCJ. Les juges ont examin\u00e9 927 candidatures, toutes publi\u00e9es en 2025 provenant de 77 organes de presse \u00e0 travers le pays.&nbsp;<\/p>\n\n\n\n<p>Un total de 99 journalistes individuels et sept \u00e9quipes \u00e9taient finalistes cette ann\u00e9e, repr\u00e9sentant 27 publications. Quatorze publications ont remport\u00e9 au moins un prix.&nbsp;<\/p>\n\n\n\n<p>Il s\u2019agit de la 77<sup>e<\/sup> ann\u00e9e du programme, \u00e9tabli en 1949 pour encourager et r\u00e9compenser l\u2019excellence du travail journalistique dans les quotidiens au Canada. Le concours est maintenant ouvert aux journaux quotidiens, agences de presse et sites de nouvelles en ligne dont les candidatures ont \u00e9t\u00e9 approuv\u00e9es par le conseil des gouverneurs du CCJ.<\/p>\n\n\n\n<p>Voici la liste compl\u00e8te des laur\u00e9ats et des finalistes :&nbsp;<\/p>\n\n\n\n<p><strong>Culture et Divertissement<\/strong><\/p>\n\n\n\n<p><strong>LAUR\u00c9ATE: <\/strong><strong>Sarah Krichel, The Tyee, <\/strong>pour ses essais sur le besoin d&rsquo;\u00e9vasion que procure la t\u00e9l\u00e9-r\u00e9alit\u00e9 et la nostalgie de la m\u00e9diocrit\u00e9 g\u00e9n\u00e9r\u00e9e par l&rsquo;IA \u00e0 l&rsquo;\u00e8re d&rsquo;une IA indistincte. Les juges ont d\u00e9clar\u00e9 que ces articles publi\u00e9s par The Tyee \u00ab illustrent le journalisme culturel \u00e0 son meilleur \u00bb.<\/p>\n\n\n\n<p><strong>Emily Donaldson, <\/strong><strong>The Globe and Mail, <\/strong>pour son portrait singulier de l&rsquo;\u00e9crivain britannique Robert Macfarlane, sp\u00e9cialiste de la nature, qui offre \u00e9galement la repr\u00e9sentation des paysages qu&rsquo;il a d\u00e9crits.&nbsp;<\/p>\n\n\n\n<p><strong>Ben Waldman, Winnipeg Free Press, <\/strong>pour son reportage approfondi sur Captain Canuck, ce personnage cr\u00e9\u00e9 il y a 50 ans par un illustrateur de Winnipeg qui trouve aujourd\u2019hui un nouveau public et une nouvelle pertinence.<\/p>\n\n\n\n<p><strong>Prix Joan Hollobon pour le Journalisme sp\u00e9cialis\u00e9<\/strong><\/p>\n\n\n\n<p><strong>LAUR\u00c9ATE: <\/strong><strong>Terry Pender, Waterloo Region Record, <\/strong>pour son travail tenace et continu sur les menaces qui p\u00e8sent sur l&rsquo;approvisionnement en eau de la r\u00e9gion de Waterloo. Selon les juges, le travail d&rsquo;investigation acharn\u00e9 de Terry Pender t\u00e9moigne de son courage et de sa pers\u00e9v\u00e9rance, de l&rsquo;engagement de son journal et de la puissance du journalisme local.<\/p>\n\n\n\n<p><strong>Jacques Gallant, Toronto Star, <\/strong>pour sa couverture exhaustive du proc\u00e8s de Hockey Canada et de toutes ses complexit\u00e9s.<\/p>\n\n\n\n<p><strong>Ariane Lacoursi\u00e8re, La Presse,<\/strong> pour une vaste couverture sur la sant\u00e9, allant des reportages d&rsquo;actualit\u00e9 aux articles de fond et aux enqu\u00eates.&nbsp;&nbsp;<\/p>\n\n\n\n<p><strong>Prix Stuart M. Robertson pour la Nouvelle de derni\u00e8re heure<\/strong><\/p>\n\n\n\n<p><strong>LAUR\u00c9ATE: <\/strong><strong>La Presse Canadienne,<\/strong> pour la couverture sensible et empathique de l&rsquo;attaque perp\u00e9tr\u00e9e lors du festival de rue Lapu Lapu \u00e0 Vancouver. Les juges ont salu\u00e9 l&rsquo;\u00e9quipe pour sa \u00ab r\u00e9activit\u00e9 et son engagement constant \u00e0 faire preuve de clart\u00e9 et de compassion \u00bb<\/p>\n\n\n\n<p><strong>Daniel Renaud, Mayssa Ferah et Vincent Larouche, La Presse<\/strong>, pour leur reportage de r\u00e9f\u00e9rence sur les liens entre le milieu criminel montr\u00e9alais et le baron de la drogue Ryan Wedding.<\/p>\n\n\n\n<p><strong>The Winnipeg Free Press, <\/strong>pour le reportage sensible et approfondi sur l&rsquo;attaque au couteau qui a eu lieu au sein de la Premi\u00e8re Nation de Hollow Water, une communaut\u00e9 autochtone semi-isol\u00e9e.<\/p>\n\n\n\n<p><strong>\u00c9conomie<\/strong><\/p>\n\n\n\n<p><strong>LAUR\u00c9ATE: <\/strong><strong>Marco Chown Oved, Toronto Star,<\/strong> pour son enqu\u00eate sur la mani\u00e8re dont Tesla a tir\u00e9 parti du programme f\u00e9d\u00e9ral de subventions pour les v\u00e9hicules \u00e9lectriques et sur les r\u00e9percussions aupr\u00e8s des concessionnaires automobiles canadiens. Selon les juges, la d\u00e9cision d&rsquo;Ottawa de relancer le programme et de rembourser les concessionnaires automobiles \u00e9tait due aux reportages soutenus du Star.<\/p>\n\n\n\n<p><strong>Jameson Berkow, The Globe and Mail,<\/strong> pour sa couverture continue du secteur des entreprises autochtones, en pleine expansion, et de leur r\u00f4le pr\u00e9pond\u00e9rant dans la croissance \u00e9conomique du Canada.<\/p>\n\n\n\n<p><strong>Kathryn Blaze Baum et Alexandra Posadzki, The Globe and Mail, <\/strong>pour leur s\u00e9rie consacr\u00e9e au march\u00e9 noir num\u00e9rique n\u00e9 de l&rsquo;incapacit\u00e9 de Meta \u00e0 rem\u00e9dier au probl\u00e8me des comptes pirat\u00e9s et de ses r\u00e9percussions sur les entreprises.<\/p>\n\n\n\n<p><strong>Prix Mary Ann Shadd Cary pour la Chronique<\/strong><\/p>\n\n\n\n<p><strong>LAUR\u00c9ATE: <\/strong><strong>Niigaan Sinclair, Winnipeg Free Press,<\/strong> pour des articles consacr\u00e9s au d\u00e9c\u00e8s du pape Fran\u00e7ois, au coup dur que repr\u00e9sente l\u2019aveu de Thomas King de ne pas \u00eatre autochtone, et \u00e0 la force des propos de Wab Kinew sur la l\u00e9gislation relative \u00e0 la pornographie infantile. Les juges ont d\u00e9clar\u00e9: \u00ab Sinclair posant des questions qui marquent le lecteur et l&rsquo;incitent \u00e0 la r\u00e9flexion longtemps apr\u00e8s la lecture de sa chronique. \u00bb<\/p>\n\n\n\n<p><strong>Rima Elkouri, La Presse, <\/strong>pour ses chroniques sur le d\u00e9bat autour de l&rsquo;immigration et les nombreuses fa\u00e7ons dont il divise le Qu\u00e9bec.&nbsp;<\/p>\n\n\n\n<p><strong>Arno Kopecky, National Observer,<\/strong> pour ses reportages r\u00e9alis\u00e9s lors d&rsquo;une tourn\u00e9e \u00e9lectorale autog\u00e9r\u00e9e, apr\u00e8s que Pierre Poilievre eut annonc\u00e9 qu&rsquo;il n&rsquo;autoriserait pas les journalistes \u00e0 l&rsquo;accompagner.<\/p>\n\n\n\n<p><strong>Reportage num\u00e9rique<\/strong><\/p>\n\n\n\n<p><strong>LAUR\u00c9ATE<\/strong><strong>: <\/strong><strong>Nathan Pilla, Toronto Star<\/strong>, pour son travail sur les poursuites polici\u00e8res \u00e0 contresens, les risques li\u00e9s \u00e0 la chaleur pour les travailleurs et les moyens d&rsquo;am\u00e9liorer Toronto. Les juges ont d\u00e9crit Nathan Pilla comme \u00ab un conteur qui r\u00e9invente les possibilit\u00e9s du reportage num\u00e9rique \u2014 non seulement au service du journalisme, mais en tant que journalisme \u00e0 part enti\u00e8re \u00bb.<\/p>\n\n\n\n<p><strong>Jeremy Agius, The Globe and Mail, <\/strong>pour son travail sur la cartographie de l&rsquo;\u00e9pid\u00e9mie de rougeole, les petits condos et la politique du logement, ainsi que sur le Toronto de Margaret Atwood.<\/p>\n\n\n\n<p><strong>Magdaline Boutros, <\/strong><strong>C\u00e9dric Gagnon et Catherine Bombardier, <\/strong><strong>Le Devoir,<\/strong> pour leur travail multim\u00e9dia immersif sur la vie quotidienne \u00e0 Gaza.&nbsp;<\/p>\n\n\n\n<p><strong>Prix Claude Ryan pour l\u2019\u00c9ditorial<\/strong><\/p>\n\n\n\n<p><strong>LAUR\u00c9ATE: Kennedy Gordon, Prince George Citizen,<\/strong> pour des \u00e9ditoriaux sur le financement des programmes destin\u00e9s aux personnes \u00e2g\u00e9es, l&rsquo;importance du d\u00e9bat sur le financement des m\u00e9dias locaux, ainsi qu&rsquo;\u00e0 la d\u00e9sinformation et au syndrome \u00abpas dans ma cour\u00bb. &nbsp;Les juges ont d\u00e9clar\u00e9 : \u00ab Le travail de Kennedy Gordon montre pourquoi les journaux locaux sont essentiels \u00e0 la d\u00e9mocratie au Canada. \u00bb<\/p>\n\n\n\n<p><strong>St\u00e9phanie Grammond, La Presse, <\/strong>pour des \u00e9ditoriaux sur la mani\u00e8re dont le Canada peut tirer parti de l&rsquo;opportunit\u00e9 offerte par Trump, sur Postes Canada et sur les co\u00fbts cach\u00e9s catastrophiques du transport routier \u00e0 bas prix.&nbsp;<\/p>\n\n\n\n<p><strong>Louise-Maude Rioux Soucy, Le Devoir, <\/strong>pour des \u00e9ditoriaux sur l&rsquo;ampleur consid\u00e9rable d&rsquo;un scandale scolaire, le conflit entre le gouvernement qu\u00e9b\u00e9cois et les m\u00e9decins, ainsi que le d\u00e9bat sur l&rsquo;immigration<\/p>\n\n\n\n<p><strong>Texte explicatif<\/strong><\/p>\n\n\n\n<p><strong>LAUR\u00c9ATE: Lindsay Jones et Patrick White, The Globe and Mail, <\/strong>pour leur reportage approfondi sur les cons\u00e9quences toxiques des \u00absubstances chimiques \u00e9ternelles\u00bb dans les communaut\u00e9s de Terre-Neuve. Les juges ont d\u00e9crit ce reportage comme \u00ab la quintessence d&rsquo;un journalisme explicatif exceptionnel \u00bb.<\/p>\n\n\n\n<p><strong>Magdaline Boutros, Le Devoir, <\/strong>pour ses reportages depuis Nuuk, au Groenland, une r\u00e9gion propuls\u00e9e au c\u0153ur de la g\u00e9opolitique mondiale, et pour ses liens avec les Inuits du Canada.<\/p>\n\n\n\n<p><strong>Marsha McLeod, Winnipeg Free Press, <\/strong>pour avoir expliqu\u00e9 les origines de la clause d&rsquo;exclusion de deuxi\u00e8me g\u00e9n\u00e9ration pr\u00e9vue par la Loi sur les Indiens du Canada, son impact sur les familles autochtones et les solutions alternatives possibles.<\/p>\n\n\n\n<p><strong>Photo Documentaire<\/strong><\/p>\n\n\n\n<p><strong>LAUR\u00c9ATE: <\/strong><strong>Marie-France Coallier, Le Devoir, <\/strong>pour sa photo prise lors de la foire agricole d&rsquo;Expo Brome, un \u00e9v\u00e9nement annuel organis\u00e9 en Estrie. Les juges ont d\u00e9clar\u00e9: \u00ab La photographe a su saisir un instant magnifiquement lumineux dans un environnement difficile et l&rsquo;a transform\u00e9 en une superbe photo documentaire. \u00bb<\/p>\n\n\n\n<p><strong>Meagan Hancock, Globe and Mail, <\/strong>pour sa photo prise au Kings Theatre, un lieu communautaire tr\u00e8s appr\u00e9ci\u00e9 \u00e0 Annapolis Royal, en Nouvelle-\u00c9cosse.<\/p>\n\n\n\n<p><strong>Richard Lautens, Toronto Star, <\/strong>pour sa photo prise depuis la zone de rafra\u00eechissement de Celebration Square, \u00e0 Mississauga.<\/p>\n\n\n\n<p><strong>Commentaire Illustr\u00e9<\/strong><\/p>\n\n\n\n<p><strong>LAUR\u00c9ATE: Michael de Adder, The Globe and Mail, <\/strong>pour sa satire politique sur les r\u00e9percussions de la pr\u00e9sidence Trump. Les juges l&rsquo;ont d\u00e9crit comme \u201cune satire v\u00e9ritablement m\u00e9morable, \u00e0 la fois originale et provocatrice.\u201d<\/p>\n\n\n\n<p><strong>Judith Lachapelle, La Presse,<\/strong> pour sa s\u00e9rie d&rsquo;illustrations sur la vie quotidienne en Ukraine et les difficult\u00e9s li\u00e9es aux d\u00e9placements dans une zone de conflit actif.<\/p>\n\n\n\n<p><strong>David Parkins, The Globe and Mail, <\/strong>pour une s\u00e9lection de caricatures sur la politique nationale et internationale, ainsi que sur la recherche des femmes autochtones disparues et assassin\u00e9es.<\/p>\n\n\n\n<p><strong>Innovation en Journalisme<\/strong><\/p>\n\n\n\n<p><strong>LAUR\u00c9ATE: <\/strong><strong>Cody Gault et Lucas Timmons, Toronto Star, <\/strong>pour leur moteur de recherche automatis\u00e9 en langage naturel qui a fourni des donn\u00e9es en temps r\u00e9el sur les 343 circonscriptions du Canada lors des \u00e9lections de 2025. Les juges ont d\u00e9clar\u00e9: \u00ab Le Star a identifi\u00e9 un domaine v\u00e9ritablement mal desservi et a mis au point une solution pour y rem\u00e9dier. \u00bb<\/p>\n\n\n\n<p><strong>Taproot Edmonton, <\/strong>pour le projet, d\u2019une ampleur sans pr\u00e9c\u00e9dent, con\u00e7u en vue des \u00e9lections municipales et destin\u00e9 \u00e0 informer et orienter les \u00e9lecteurs.<\/p>\n\n\n\n<p><strong>Rory White, <\/strong><strong>Bruno de Bondt, <\/strong><strong>David McKie, Linda Solomon Wood et Jimmy Thomson<\/strong>, National Observer, pour Civic Searchlight, un outil destin\u00e9 \u00e0 tous les journalistes et fonctionnaires canadiens qui permet de transcrire les s\u00e9ances des conseils municipaux et de les rendre consultables par mot-cl\u00e9 et par emplacement.<\/p>\n\n\n\n<p><strong>Prix Norman Webster pour le Reportage \u00e0 caract\u00e8re international<\/strong><\/p>\n\n\n\n<p><strong>LAUR\u00c9ATE: Mark MacKinnon, The Globe and Mail, <\/strong>pour ses reportages depuis \u00abla nouvelle Syrie\u00bb sur les changements rapides qui s&rsquo;op\u00e8rent dans le pays et l&rsquo;ampleur des d\u00e9fis \u00e0 venir. &nbsp;Les juges ont estim\u00e9 que la s\u00e9rie offrait des perspectives importantes \u00e0 un moment o\u00f9 les Canadiens tentaient de comprendre la nouvelle Syrie.<\/p>\n\n\n\n<p><strong>Vincent Larouche et Martin Tremblay, La Presse, <\/strong>pour leurs reportages r\u00e9alis\u00e9s en R\u00e9publique d\u00e9mocratique du Congo, qui ont mis en lumi\u00e8re les liens peu connus entre le conflit en cours et le Canada.<\/p>\n\n\n\n<p><strong>Karine Tremblay, La Tribune, <\/strong>pour sa s\u00e9rie intitul\u00e9e \u00abL&rsquo;Envers du chocolat\u00bb, qui d\u00e9nonce les conditions de travail difficiles et l\u2019exploitation g\u00e9n\u00e9ralis\u00e9e dans la production de cacao en C\u00f4te d\u2019Ivoire.<\/p>\n\n\n\n<p><strong>Prix George Brown pour la Grande Enqu\u00eate<\/strong><\/p>\n\n\n\n<p><strong>LAUR\u00c9ATE: <\/strong><strong>Carrie Tait, Tom Cardoso, Mark MacKinnon, Stephanie Chambers et Alanna Smith, The Globe and Mail, <\/strong>pour une s\u00e9rie d&rsquo;exclusivit\u00e9s sur la controverse relative aux march\u00e9s publics au sein de l&rsquo;autorit\u00e9 sanitaire de l&rsquo;Alberta. Les juges ont d\u00e9clar\u00e9: \u00ab Il s&rsquo;agit l\u00e0 de journalisme d&rsquo;int\u00e9r\u00eat public : des journalistes qui exposent la v\u00e9rit\u00e9 face au pouvoir. \u00bb<\/p>\n\n\n\n<p><strong>Leah Borts-Kuperman, The Narwhal,<\/strong> pour sa s\u00e9rie d&rsquo;enqu\u00eates sur la contamination des sites militaires \u00e0 travers le Canada.<\/p>\n\n\n\n<p><strong>Nora T. Lamontagne, Louis-Philippe Bourdeau, Le Journal de Montr\u00e9al,<\/strong> pour leur enqu\u00eate qui a r\u00e9v\u00e9l\u00e9 une concentration de cas de SLA dans la r\u00e9gion de Charlevoix, entra\u00eenant une enqu\u00eate de sant\u00e9 publique.<\/p>\n\n\n\n<p><strong>Journaliste de L\u2019Ann\u00e9e<\/strong><\/p>\n\n\n\n<p><strong>Laur\u00e9ate: Carrie Tait, du Globe and Mail,<\/strong> pour sa couverture tenace et continue de la controverse politiquement charg\u00e9e sur les soins de sant\u00e9 en Alberta, dans un climat d&rsquo;intimidation et de menaces.<\/p>\n\n\n\n<p><strong>Prix E. Cora Hind pour le Reportage \u00e0 c<\/strong><strong>aract\u00e8re local&nbsp; &#8211; <\/strong><strong>Petit march\u00e9<\/strong><\/p>\n\n\n\n<p><strong>LAUR\u00c9ATE: <\/strong><strong>Jenny Lamothe, Sudbury.com, <\/strong>pour son reportage sur les personnes \u00e2g\u00e9es bloqu\u00e9es chez elles \u00e0 cause d&rsquo;ascenseurs en panne, ainsi que sur les propri\u00e9taires et les responsables municipaux charg\u00e9s de la surveillance. Les juges ont salu\u00e9 son travail comme \u00e9tant \u00ab un journalisme au service de l\u2019int\u00e9r\u00eat public \u00bb.<\/p>\n\n\n\n<p><strong>Jennifer Hamilton-McCharles, North Bay Nugget,<\/strong> pour avoir r\u00e9v\u00e9l\u00e9 que le maire avait utilis\u00e9 l&rsquo;argent des contribuables \u00e0 des fins personnelles, ce qui a provoqu\u00e9 un d\u00e9bat interne au sein du conseil municipal, des d\u00e9missions et un v\u00e9ritable toll\u00e9.<\/p>\n\n\n\n<p><strong>Mary Newman, James Westman, Yara El Murr, Aia Jaber et Anthony Lippa-Hardy, The Green Line, <\/strong>pour leur s\u00e9rie consacr\u00e9e aux \u00abd\u00e9movictions\u00bb li\u00e9es \u00e0 la construction d&rsquo;une nouvelle ligne de transport en commun \u00e0 Toronto.<\/p>\n\n\n\n<p><strong>Prix E. Cora Hind pour le Reportage \u00e0 caract\u00e8re local&nbsp; &#8211; <\/strong><strong>March\u00e9 moyen&nbsp;<\/strong><\/p>\n\n\n\n<p><strong>LAUR\u00c9ATE: <\/strong><strong>Maegen Kulchar, Kingston Whig-Standard, <\/strong>pour son reportage sur le suicide d&rsquo;un gardien de prison et sur la culture toxique marqu\u00e9e par l&rsquo;intimidation. Selon les juges, le travail de Maegan Kulchar \u00ab a mis en lumi\u00e8re le co\u00fbt humain d&rsquo;une culture d&rsquo;entreprise toxique \u00bb<\/p>\n\n\n\n<p><strong>Lise Denis, Le Droit, <\/strong>pour son reportage sur la communaut\u00e9 militaire de la r\u00e9gion d&rsquo;Ottawa-Gatineau, en particulier sur les femmes confront\u00e9es \u00e0 des \u00e9quipements non adapt\u00e9s \u00e0 leur morphologie, ce qui soul\u00e8ve des questions de s\u00e9curit\u00e9.&nbsp;<\/p>\n\n\n\n<p><strong>Joanna Frketich, Hamilton Spectator,<\/strong> pour avoir suivi la situation pr\u00e9caire des effectifs dans les h\u00f4pitaux de Hamilton et l&rsquo;ampleur de son impact sur les d\u00e9penses, le personnel et les soins.<\/p>\n\n\n\n<p><strong>Prix E. Cora Hind pour le Reportage \u00e0 carac<\/strong><strong>t\u00e8re local &#8211; <\/strong><strong>Grand march\u00e9<\/strong><\/p>\n\n\n\n<p><strong>LAUR\u00c9ATE: <\/strong><strong>Vancouver Sun and Province,<\/strong> pour une couverture rigoureuse et continue de l&rsquo;attaque perp\u00e9tr\u00e9e lors du festival de Lapu-Lapu et de ses cons\u00e9quences. Les juges ont d\u00e9clar\u00e9 : \u00ab Bien apr\u00e8s que l&rsquo;attention nationale se soit dissip\u00e9e, le travail d&rsquo;investigation soutenu et rigoureux de l&rsquo;\u00e9quipe a clairement montr\u00e9, de mani\u00e8re poignante, que la trag\u00e9die du Lapu Lapu ne s&rsquo;\u00e9tait pas limit\u00e9e \u00e0 une seule journ\u00e9e. \u00bb<\/p>\n\n\n\n<p><strong>Francine Kopun, Toronto Star, <\/strong>pour son reportage sur le secteur riverain complexe de Toronto et les multiples enjeux qui l&rsquo;entourent.<\/p>\n\n\n\n<p><strong>Omar Mosleh et David Rider, Toronto Star, <\/strong>pour leur couverture continue des lieux de consommation supervis\u00e9e et des liens entre politique, s\u00e9curit\u00e9 publique, sant\u00e9 mentale et toxicomanie.<\/p>\n\n\n\n<p><strong>Prix William Southam pour l\u2019Article de fond&nbsp;<\/strong><\/p>\n\n\n\n<p><strong>LAUR\u00c9ATE: <\/strong><strong>Shannon Proudfoot, The Globe and Mail<\/strong>, pour son profil approfondi de Mark Carney. Les juges ont d\u00e9clar\u00e9 : \u00abLe style clair et \u00e9vocateur de Shannon Proudfoot, associ\u00e9 \u00e0 son excellente analyse, brosse un portrait vivant et accessible du 24e premier ministre du Canada.\u00bb<\/p>\n\n\n\n<p><strong>Isabelle Hachey, La Presse, <\/strong>pour son reportage sur le monde clandestin des centres d&rsquo;escroquerie en ligne en Asie du Sud-Est et sur les hommes et les femmes contraints de travailler comme fraudeurs en ligne.<\/p>\n\n\n\n<p><strong>Marsha McLeod, Winnipeg Free Press, <\/strong>pour son enqu\u00eate sur la fusillade mortelle perp\u00e9tr\u00e9e par la GRC contre Conor Rae, \u00e2g\u00e9 de 18 ans, ainsi que pour l&rsquo;enqu\u00eate men\u00e9e par l&rsquo;organisme provincial de surveillance de la police.<\/p>\n\n\n\n<p><strong>Photo d\u2019actualit\u00e9<\/strong><\/p>\n\n\n\n<p><strong>LAUR\u00c9ATE: <\/strong><strong>Martin Tremblay, La Presse,<\/strong> pour sa photo de l&rsquo;arrestation d&rsquo;un membre des Hells Angels sur la rive sud de Montr\u00e9al. Les juges ont d\u00e9clar\u00e9: \u00abLa composition attire efficacement le regard du spectateur vers les policiers et le visage relev\u00e9 avec d\u00e9fi du membre des Hells Angels. C&rsquo;est une image qui raconte une histoire avec force.\u00bb<\/p>\n\n\n\n<p><strong>Darryl Dyck, La Presse Canadienne,<\/strong> pour sa photo d&rsquo;une marche aux flambeaux \u00e0 Vancouver lors d&rsquo;une veill\u00e9e en hommage aux victimes de l&rsquo;attaque perp\u00e9tr\u00e9e lors du festival Lapu Lapu.<\/p>\n\n\n\n<p><strong>Greg Locke, The Globe and Mail, <\/strong>pour sa photo d&rsquo;un avion-citerne combattant les incendies de for\u00eat estivaux \u00e0 Terre-Neuve.<\/p>\n\n\n\n<p><strong>Reportage photo<\/strong><\/p>\n\n\n\n<p><strong>LAUR\u00c9ATE: <\/strong><strong>Chris Young, La Presse Canadienne, <\/strong>pour sa s\u00e9rie \u00abFrom Moss Park with Love\u00bb, qui documente le c\u00f4t\u00e9 humain du centre de consommation supervis\u00e9e situ\u00e9 au c\u0153ur de la crise des opio\u00efdes \u00e0 Toronto. Les juges ont d\u00e9clar\u00e9 que \u00ab ces images poignantes illustrent le traumatisme li\u00e9 \u00e0 la d\u00e9pendance avec compassion et amour \u00bb.<\/p>\n\n\n\n<p><strong>Goran Tomasevic, The Globe and Mail<\/strong>, pour sa s\u00e9rie de photos prises dans un h\u00f4pital de campagne g\u00e9r\u00e9 par les Russes dans le Donbass, o\u00f9 des soldats bless\u00e9s des deux camps sont soign\u00e9s \u00e0 quelques pas de la ligne de front.<\/p>\n\n\n\n<p><strong>Martin Tremblay, La Presse, <\/strong>pour ses photos prises en R\u00e9publique d\u00e9mocratique du Congo, qui t\u00e9moignent de la vie des travailleurs congolais et des sites miniers qui alimentent les technologies de pointe du monde entier.&nbsp;<\/p>\n\n\n\n<p><strong>Prix John Wesley Dafoe pour la Politique<\/strong><\/p>\n\n\n\n<p><strong>LAUR\u00c9ATE: <\/strong><strong>Carrie Tait, The Globe and Mail<\/strong>, pour sa couverture, riche en exclusivit\u00e9s, de la controverse politique autour du syst\u00e8me de sant\u00e9 en Alberta. Les juges ont salu\u00e9 la capacit\u00e9 de Carrie Tait \u00e0 gagner la confiance de ses sources, ainsi que son courage face aux poursuites judiciaires et au harc\u00e8lement en ligne, affirmant que son travail \u00abillustre parfaitement pourquoi le journalisme est un bien public\u00bb.&nbsp;<\/p>\n\n\n\n<p><strong>Katia Gagnon, Ulysse Bergeron, Hugo Joncas et Vincent Larin, La Presse <\/strong>pour leur enqu\u00eate sur le scandale concernant la R\u00e9gie de l&rsquo;assurance automobile du Qu\u00e9bec, qui a entra\u00een\u00e9 d&rsquo;importants retards dans les services publics, une flamb\u00e9e des co\u00fbts des projets et la tenue d&rsquo;une enqu\u00eate gouvernementale.<\/p>\n\n\n\n<p><strong>Jessica Smith Cross, Charlie Pinkerton et Jack Hauen, The Trillium, <\/strong>pour leur couverture continue des pouvoirs et influences au sein de la politique ontarienne.<\/p>\n\n\n\n<p><strong>Prix John Honderich pour le Projet de l\u2019ann\u00e9e<\/strong><\/p>\n\n\n\n<p><strong>LAUR\u00c9ATE: <\/strong><strong>Liam Casey et Christopher Katsarov Luna, La Presse Canadienne,<\/strong> pour leur couverture approfondie de la r\u00e9gion du \u00abCercle de feu\u00bb dans le nord de l&rsquo;Ontario, qui met en lumi\u00e8re les paysages, les habitants et les enjeux politiques majeurs en jeu. Les juges ont d\u00e9clar\u00e9 que \u201cle projet donne une r\u00e9elle profondeur \u00e0 un sujet qui traite des opportunit\u00e9s \u00e9conomiques, des droits des peuples autochtones et des complexit\u00e9s du d\u00e9veloppement.\u201d<\/p>\n\n\n\n<p><strong>The Globe and Mail, <\/strong>pour \u00abPoisoned\u00bb, une s\u00e9rie d&rsquo;articles consacr\u00e9s \u00e0 la crise des opio\u00efdes, \u00e0 son impact sur les communaut\u00e9s \u00e0 travers le pays et \u00e0 ses cons\u00e9quences d\u00e9vastatrices.<\/p>\n\n\n\n<p><strong>Philippe Mercure et <\/strong><strong>Fran\u00e7ois Roy<\/strong><strong>, La Presse,<\/strong> pour \u00abLa Grande Travers\u00e9e\u00bb, un p\u00e9riple routier \u00e0 travers le pays \u00e0 l&rsquo;occasion des \u00e9lections f\u00e9d\u00e9rales, visant \u00e0 mieux comprendre les enjeux qui int\u00e9ressent les Canadiens.&nbsp;<\/p>\n\n\n\n<p><strong>Prix Bob Levin pour le Reportage bref<\/strong>&nbsp;<\/p>\n\n\n\n<p><strong>LAUR\u00c9ATE: <\/strong><strong>Simon Drouin, La Presse,<\/strong> pour son texte \u00e9mouvant sur les derniers instants de son ami Pierre Foglia, l\u2019un des chroniqueurs les plus influents du Qu\u00e9bec. Selon les juges, le texte concis et percutant de Simon Drouin a su rassembler les lecteurs autour de leur amour pour Foglia et pour le journalisme qu\u2019il incarnait.&nbsp;<\/p>\n\n\n\n<p><strong>Mike Hager, The Globe and Mail,<\/strong> pour son regard amus\u00e9 sur ces personnages hauts en couleur qui vendent des lits d\u2019eau \u00e0 des adeptes convaincus.<\/p>\n\n\n\n<p><strong>Nono Shen, La Presse Canadienne,<\/strong> pour son reportage sur les r\u00e9percussions des droits de douane, transportant les lecteurs dans un voyage inattendu des quais de Vancouver jusqu\u2019\u00e0 la cuisine de l\u2019un des chefs asiatiques les plus r\u00e9put\u00e9s du Canada.&nbsp;<\/p>\n\n\n\n<p><strong>Sujet sp\u00e9cial &#8211; <\/strong>Pour le journalisme dans une langue autre que le fran\u00e7ais ou l\u2019anglais<\/p>\n\n\n\n<p><strong>LAUR\u00c9ATE: <\/strong><strong>Nunatsiaq News, <\/strong>pour un num\u00e9ro sp\u00e9cial consacr\u00e9 \u00e0 l&rsquo;impact du projet hydro\u00e9lectrique de la Baie-James et \u00e0 la Convention de la Baie-James et du Nord-du-Qu\u00e9bec conclue subs\u00e9quemment avec les communaut\u00e9s inuites et cries. Les membres du jury ont salu\u00e9 l\u2019ambition de ce projet, qui s\u2019est pench\u00e9 sans d\u00e9tour sur les r\u00e9percussions \u2013 \u00ab positives et n\u00e9gatives \u00bb \u2013 de l\u2019un des r\u00e8glements de revendications territoriales autochtones les plus complexes au Canada.<\/p>\n\n\n\n<p><strong>Debbie Chen, Marcel Tong et Norman Sin, Singtao,<\/strong> sur le co\u00fbt humain de la crise des surdoses en Colombie-Britannique et les lacunes syst\u00e9miques.&nbsp;<\/p>\n\n\n\n<p><strong>Sport<\/strong><\/p>\n\n\n\n<p><strong>LAUR\u00c9ATE: <\/strong><strong>Ariane Lacoursi\u00e8re<\/strong><strong> et Olivier Jean, La Presse,<\/strong> pour leur reportage sur le sport amateur en Norv\u00e8ge, pays qui affiche l&rsquo;un des taux les plus \u00e9lev\u00e9s au monde de m\u00e9daill\u00e9s olympiques par habitant. Les juges ont salu\u00e9 cette s\u00e9rie, la qualifiant \u00ab d\u2019\u0153uvre aboutie et ambitieuse qui d\u00e9montre la capacit\u00e9 du journalisme \u00e0 susciter des d\u00e9bats nationaux courageux et indispensables \u00bb.<\/p>\n\n\n\n<p><strong>Gare Joyce, Kingston Whig-Standard<\/strong>, sur la vie de Don Cherry et son h\u00e9ritage complexe dans sa ville natale de Kingston, en Ontario.<\/p>\n\n\n\n<p><strong>Jana G. Pruden, The Globe and Mail,<\/strong> pour ses articles sur trois athl\u00e8tes professionnels abordant les th\u00e8mes de la r\u00e9silience humaine, du courage et de l&rsquo;identit\u00e9.<\/p>\n\n\n\n<p><strong>Photo de Sport<\/strong><\/p>\n\n\n\n<p><strong>LAUR\u00c9ATE: <\/strong><strong>Darryl Dyck, La Presse Canadienne,<\/strong> pour sa photo de c\u00e9l\u00e9bration lors du quart de finale du Championnat canadien de soccer \u00e0 Vancouver. D\u00e9clar\u00e9 les juges: \u00ab C\u2019est le caract\u00e8re unique de cette composition qui a fait pencher la balance en faveur de cette photo. \u00bb<\/p>\n\n\n\n<p><strong>Barbara Davidson, The Globe and Mail,<\/strong> pour sa photo illustrant la d\u00e9ception des supporters des Blue Jays apr\u00e8s la d\u00e9faite de leur \u00e9quipe \u00e0 la 18e manche.<\/p>\n\n\n\n<p><strong>Frank Gunn, La Presse Canadienne, <\/strong>pour son portrait de Shohei Ohtani, des Dodgers de Los Angeles, en plein lancer.<\/p>\n\n\n\n<p><strong>Prix Geoffrey Stevens pour le Reportage en continu<\/strong><\/p>\n\n\n\n<p><strong>LAUR\u00c9ATE: Nathan VanderKlippe, Alanna Smith, Grant Robertson et Kelly Grant, The Globe and Mail,<\/strong> pour leur couverture approfondie du retour de la rougeole au Canada. Les juges ont d\u00e9clar\u00e9 : \u00ab Cette s\u00e9rie incarne l&rsquo;excellence du journalisme d&rsquo;int\u00e9r\u00eat public : informant les citoyens, demandant des comptes aux pouvoirs publics et contribuant \u00e0 la protection de la sant\u00e9 publique. \u00bb<\/p>\n\n\n\n<p><strong>Michelle Berg, Brandon Harder, Larissa Kurz, Kayle Neis et Rob O&rsquo;Flanagan, Regina Leader Post et Saskatoon Star Phoenix<\/strong>, pour leur reportage d\u00e9taill\u00e9 sur les personnes les plus touch\u00e9es par les incendies de for\u00eat de cet \u00e9t\u00e9 en Saskatchewan.<\/p>\n\n\n\n<p><strong>Toronto Star,<\/strong> pour sa couverture pluridisciplinaire des s\u00e9ries \u00e9liminatoires des Blue Jays, pr\u00e9sent\u00e9es comme un enjeu civique de longue haleine touchant tous les quartiers de la ville.&nbsp;<\/p>\n\n\n\n<p><strong>Pour plus d\u2019information, communiquez avec :&nbsp;<\/strong><\/p>\n\n\n\n<p>Anne Marie Owens<\/p>\n\n\n\n<p>Directrice g\u00e9n\u00e9rale<\/p>\n\n\n\n<p>Concours canadien de journalisme<\/p>\n\n\n\n<p>exec@nna-ccj.ca<\/p>\n\n\n\n<p>647-968-1059<\/p>\n\n\n\n<p>Mariana Soares<\/p>\n\n\n\n<p>Directrice de programme<\/p>\n\n\n\n<p>&nbsp;Concours canadien de journalisme<\/p>\n\n\n\n<p>438-366-1201<\/p>\n","protected":false},"excerpt":{"rendered":"<p>Le Nunatsiaq News a remport\u00e9 son premier prix du Concours canadien de journalisme pour un num\u00e9ro sp\u00e9cial publi\u00e9 en inuktitut et en anglais \u2013 l\u2019un des<span class=\"excerpt-hellip\"> [\u2026]<\/span><\/p>\n","protected":false},"author":9,"featured_media":12285,"comment_status":"closed","ping_status":"closed","sticky":false,"template":"","format":"standard","meta":{"_jetpack_memberships_contains_paid_content":false,"footnotes":""},"categories":[57],"tags":[],"class_list":["post-12290","post","type-post","status-publish","format-standard","has-post-thumbnail","hentry","category-nouvelles-ccj"],"yoast_head":"<!-- This site is optimized with the Yoast SEO plugin v27.2 - https:\/\/yoast.com\/product\/yoast-seo-wordpress\/ -->\n<title>Le Concours canadien de journalisme annonce les gagnants de 2025\u00a0 - National Newspaper Awards<\/title>\n<meta name=\"robots\" content=\"index, follow, max-snippet:-1, max-image-preview:large, max-video-preview:-1\" \/>\n<link rel=\"canonical\" href=\"https:\/\/nna-ccj.ca\/fr\/le-concours-canadien-de-journalisme-annonce-les-gagnants-de-2025\/\" \/>\n<meta property=\"og:locale\" content=\"fr_FR\" \/>\n<meta property=\"og:type\" content=\"article\" \/>\n<meta property=\"og:title\" content=\"Le Concours canadien de journalisme annonce les gagnants de 2025\u00a0 - National Newspaper Awards\" \/>\n<meta property=\"og:description\" content=\"Le Nunatsiaq News a remport\u00e9 son premier prix du Concours canadien de journalisme pour un num\u00e9ro sp\u00e9cial publi\u00e9 en inuktitut et en anglais \u2013 l\u2019un des [\u2026]\" \/>\n<meta property=\"og:url\" content=\"https:\/\/nna-ccj.ca\/fr\/le-concours-canadien-de-journalisme-annonce-les-gagnants-de-2025\/\" \/>\n<meta property=\"og:site_name\" content=\"National Newspaper Awards\" \/>\n<meta property=\"article:published_time\" content=\"2026-04-25T03:51:59+00:00\" \/>\n<meta property=\"article:modified_time\" content=\"2026-04-25T03:52:02+00:00\" \/>\n<meta property=\"og:image\" content=\"https:\/\/nna-ccj.ca\/wp-content\/uploads\/2026\/04\/Copy-of-french-graphic-3.png\" \/>\n\t<meta property=\"og:image:width\" content=\"564\" \/>\n\t<meta property=\"og:image:height\" content=\"375\" \/>\n\t<meta property=\"og:image:type\" content=\"image\/png\" \/>\n<meta name=\"author\" content=\"Mariana Soares\" \/>\n<meta name=\"twitter:card\" content=\"summary_large_image\" \/>\n<meta name=\"twitter:label1\" content=\"\u00c9crit par\" \/>\n\t<meta name=\"twitter:data1\" content=\"Mariana Soares\" \/>\n\t<meta name=\"twitter:label2\" content=\"Dur\u00e9e de lecture estim\u00e9e\" \/>\n\t<meta name=\"twitter:data2\" content=\"17 minutes\" \/>\n<script type=\"application\/ld+json\" class=\"yoast-schema-graph\">{\"@context\":\"https:\/\/schema.org\",\"@graph\":[{\"@type\":\"Article\",\"@id\":\"https:\/\/nna-ccj.ca\/fr\/le-concours-canadien-de-journalisme-annonce-les-gagnants-de-2025\/#article\",\"isPartOf\":{\"@id\":\"https:\/\/nna-ccj.ca\/fr\/le-concours-canadien-de-journalisme-annonce-les-gagnants-de-2025\/\"},\"author\":{\"name\":\"Mariana Soares\",\"@id\":\"https:\/\/nna-ccj.ca\/#\/schema\/person\/0a46481a6142eb3d4075b5d472a18b5b\"},\"headline\":\"Le Concours canadien de journalisme annonce les gagnants de 2025\u00a0\",\"datePublished\":\"2026-04-25T03:51:59+00:00\",\"dateModified\":\"2026-04-25T03:52:02+00:00\",\"mainEntityOfPage\":{\"@id\":\"https:\/\/nna-ccj.ca\/fr\/le-concours-canadien-de-journalisme-annonce-les-gagnants-de-2025\/\"},\"wordCount\":4315,\"image\":{\"@id\":\"https:\/\/nna-ccj.ca\/fr\/le-concours-canadien-de-journalisme-annonce-les-gagnants-de-2025\/#primaryimage\"},\"thumbnailUrl\":\"https:\/\/nna-ccj.ca\/wp-content\/uploads\/2026\/04\/Copy-of-french-graphic-3.png\",\"articleSection\":[\"Nouvelles CCJ\"],\"inLanguage\":\"fr-FR\"},{\"@type\":\"WebPage\",\"@id\":\"https:\/\/nna-ccj.ca\/fr\/le-concours-canadien-de-journalisme-annonce-les-gagnants-de-2025\/\",\"url\":\"https:\/\/nna-ccj.ca\/fr\/le-concours-canadien-de-journalisme-annonce-les-gagnants-de-2025\/\",\"name\":\"Le Concours canadien de journalisme annonce les gagnants de 2025\u00a0 - National Newspaper Awards\",\"isPartOf\":{\"@id\":\"https:\/\/nna-ccj.ca\/#website\"},\"primaryImageOfPage\":{\"@id\":\"https:\/\/nna-ccj.ca\/fr\/le-concours-canadien-de-journalisme-annonce-les-gagnants-de-2025\/#primaryimage\"},\"image\":{\"@id\":\"https:\/\/nna-ccj.ca\/fr\/le-concours-canadien-de-journalisme-annonce-les-gagnants-de-2025\/#primaryimage\"},\"thumbnailUrl\":\"https:\/\/nna-ccj.ca\/wp-content\/uploads\/2026\/04\/Copy-of-french-graphic-3.png\",\"datePublished\":\"2026-04-25T03:51:59+00:00\",\"dateModified\":\"2026-04-25T03:52:02+00:00\",\"author\":{\"@id\":\"https:\/\/nna-ccj.ca\/#\/schema\/person\/0a46481a6142eb3d4075b5d472a18b5b\"},\"breadcrumb\":{\"@id\":\"https:\/\/nna-ccj.ca\/fr\/le-concours-canadien-de-journalisme-annonce-les-gagnants-de-2025\/#breadcrumb\"},\"inLanguage\":\"fr-FR\",\"potentialAction\":[{\"@type\":\"ReadAction\",\"target\":[\"https:\/\/nna-ccj.ca\/fr\/le-concours-canadien-de-journalisme-annonce-les-gagnants-de-2025\/\"]}]},{\"@type\":\"ImageObject\",\"inLanguage\":\"fr-FR\",\"@id\":\"https:\/\/nna-ccj.ca\/fr\/le-concours-canadien-de-journalisme-annonce-les-gagnants-de-2025\/#primaryimage\",\"url\":\"https:\/\/nna-ccj.ca\/wp-content\/uploads\/2026\/04\/Copy-of-french-graphic-3.png\",\"contentUrl\":\"https:\/\/nna-ccj.ca\/wp-content\/uploads\/2026\/04\/Copy-of-french-graphic-3.png\",\"width\":564,\"height\":375},{\"@type\":\"BreadcrumbList\",\"@id\":\"https:\/\/nna-ccj.ca\/fr\/le-concours-canadien-de-journalisme-annonce-les-gagnants-de-2025\/#breadcrumb\",\"itemListElement\":[{\"@type\":\"ListItem\",\"position\":1,\"name\":\"Home\",\"item\":\"https:\/\/nna-ccj.ca\/fr\/\"},{\"@type\":\"ListItem\",\"position\":2,\"name\":\"Le Concours canadien de journalisme annonce les gagnants de 2025\u00a0\"}]},{\"@type\":\"WebSite\",\"@id\":\"https:\/\/nna-ccj.ca\/#website\",\"url\":\"https:\/\/nna-ccj.ca\/\",\"name\":\"National Newspaper Awards\",\"description\":\"Honouring the best in Canadian Journalism since 1949\",\"potentialAction\":[{\"@type\":\"SearchAction\",\"target\":{\"@type\":\"EntryPoint\",\"urlTemplate\":\"https:\/\/nna-ccj.ca\/?s={search_term_string}\"},\"query-input\":{\"@type\":\"PropertyValueSpecification\",\"valueRequired\":true,\"valueName\":\"search_term_string\"}}],\"inLanguage\":\"fr-FR\"},{\"@type\":\"Person\",\"@id\":\"https:\/\/nna-ccj.ca\/#\/schema\/person\/0a46481a6142eb3d4075b5d472a18b5b\",\"name\":\"Mariana Soares\",\"image\":{\"@type\":\"ImageObject\",\"inLanguage\":\"fr-FR\",\"@id\":\"https:\/\/secure.gravatar.com\/avatar\/9d336c647e3c4eb3b35294b2ddd21be6a78fda0843eefdd022d6d5df79252fda?s=96&d=mm&r=g\",\"url\":\"https:\/\/secure.gravatar.com\/avatar\/9d336c647e3c4eb3b35294b2ddd21be6a78fda0843eefdd022d6d5df79252fda?s=96&d=mm&r=g\",\"contentUrl\":\"https:\/\/secure.gravatar.com\/avatar\/9d336c647e3c4eb3b35294b2ddd21be6a78fda0843eefdd022d6d5df79252fda?s=96&d=mm&r=g\",\"caption\":\"Mariana Soares\"},\"sameAs\":[\"https:\/\/nna-ccj.ca\/\"],\"url\":\"https:\/\/nna-ccj.ca\/fr\/author\/marisoares\/\"}]}<\/script>\n<!-- \/ Yoast SEO plugin. -->","yoast_head_json":{"title":"Le Concours canadien de journalisme annonce les gagnants de 2025\u00a0 - National Newspaper Awards","robots":{"index":"index","follow":"follow","max-snippet":"max-snippet:-1","max-image-preview":"max-image-preview:large","max-video-preview":"max-video-preview:-1"},"canonical":"https:\/\/nna-ccj.ca\/fr\/le-concours-canadien-de-journalisme-annonce-les-gagnants-de-2025\/","og_locale":"fr_FR","og_type":"article","og_title":"Le Concours canadien de journalisme annonce les gagnants de 2025\u00a0 - National Newspaper Awards","og_description":"Le Nunatsiaq News a remport\u00e9 son premier prix du Concours canadien de journalisme pour un num\u00e9ro sp\u00e9cial publi\u00e9 en inuktitut et en anglais \u2013 l\u2019un des [\u2026]","og_url":"https:\/\/nna-ccj.ca\/fr\/le-concours-canadien-de-journalisme-annonce-les-gagnants-de-2025\/","og_site_name":"National Newspaper Awards","article_published_time":"2026-04-25T03:51:59+00:00","article_modified_time":"2026-04-25T03:52:02+00:00","og_image":[{"width":564,"height":375,"url":"https:\/\/nna-ccj.ca\/wp-content\/uploads\/2026\/04\/Copy-of-french-graphic-3.png","type":"image\/png"}],"author":"Mariana Soares","twitter_card":"summary_large_image","twitter_misc":{"\u00c9crit par":"Mariana Soares","Dur\u00e9e de lecture estim\u00e9e":"17 minutes"},"schema":{"@context":"https:\/\/schema.org","@graph":[{"@type":"Article","@id":"https:\/\/nna-ccj.ca\/fr\/le-concours-canadien-de-journalisme-annonce-les-gagnants-de-2025\/#article","isPartOf":{"@id":"https:\/\/nna-ccj.ca\/fr\/le-concours-canadien-de-journalisme-annonce-les-gagnants-de-2025\/"},"author":{"name":"Mariana Soares","@id":"https:\/\/nna-ccj.ca\/#\/schema\/person\/0a46481a6142eb3d4075b5d472a18b5b"},"headline":"Le Concours canadien de journalisme annonce les gagnants de 2025\u00a0","datePublished":"2026-04-25T03:51:59+00:00","dateModified":"2026-04-25T03:52:02+00:00","mainEntityOfPage":{"@id":"https:\/\/nna-ccj.ca\/fr\/le-concours-canadien-de-journalisme-annonce-les-gagnants-de-2025\/"},"wordCount":4315,"image":{"@id":"https:\/\/nna-ccj.ca\/fr\/le-concours-canadien-de-journalisme-annonce-les-gagnants-de-2025\/#primaryimage"},"thumbnailUrl":"https:\/\/nna-ccj.ca\/wp-content\/uploads\/2026\/04\/Copy-of-french-graphic-3.png","articleSection":["Nouvelles CCJ"],"inLanguage":"fr-FR"},{"@type":"WebPage","@id":"https:\/\/nna-ccj.ca\/fr\/le-concours-canadien-de-journalisme-annonce-les-gagnants-de-2025\/","url":"https:\/\/nna-ccj.ca\/fr\/le-concours-canadien-de-journalisme-annonce-les-gagnants-de-2025\/","name":"Le Concours canadien de journalisme annonce les gagnants de 2025\u00a0 - National Newspaper Awards","isPartOf":{"@id":"https:\/\/nna-ccj.ca\/#website"},"primaryImageOfPage":{"@id":"https:\/\/nna-ccj.ca\/fr\/le-concours-canadien-de-journalisme-annonce-les-gagnants-de-2025\/#primaryimage"},"image":{"@id":"https:\/\/nna-ccj.ca\/fr\/le-concours-canadien-de-journalisme-annonce-les-gagnants-de-2025\/#primaryimage"},"thumbnailUrl":"https:\/\/nna-ccj.ca\/wp-content\/uploads\/2026\/04\/Copy-of-french-graphic-3.png","datePublished":"2026-04-25T03:51:59+00:00","dateModified":"2026-04-25T03:52:02+00:00","author":{"@id":"https:\/\/nna-ccj.ca\/#\/schema\/person\/0a46481a6142eb3d4075b5d472a18b5b"},"breadcrumb":{"@id":"https:\/\/nna-ccj.ca\/fr\/le-concours-canadien-de-journalisme-annonce-les-gagnants-de-2025\/#breadcrumb"},"inLanguage":"fr-FR","potentialAction":[{"@type":"ReadAction","target":["https:\/\/nna-ccj.ca\/fr\/le-concours-canadien-de-journalisme-annonce-les-gagnants-de-2025\/"]}]},{"@type":"ImageObject","inLanguage":"fr-FR","@id":"https:\/\/nna-ccj.ca\/fr\/le-concours-canadien-de-journalisme-annonce-les-gagnants-de-2025\/#primaryimage","url":"https:\/\/nna-ccj.ca\/wp-content\/uploads\/2026\/04\/Copy-of-french-graphic-3.png","contentUrl":"https:\/\/nna-ccj.ca\/wp-content\/uploads\/2026\/04\/Copy-of-french-graphic-3.png","width":564,"height":375},{"@type":"BreadcrumbList","@id":"https:\/\/nna-ccj.ca\/fr\/le-concours-canadien-de-journalisme-annonce-les-gagnants-de-2025\/#breadcrumb","itemListElement":[{"@type":"ListItem","position":1,"name":"Home","item":"https:\/\/nna-ccj.ca\/fr\/"},{"@type":"ListItem","position":2,"name":"Le Concours canadien de journalisme annonce les gagnants de 2025\u00a0"}]},{"@type":"WebSite","@id":"https:\/\/nna-ccj.ca\/#website","url":"https:\/\/nna-ccj.ca\/","name":"National Newspaper Awards","description":"Honouring the best in Canadian Journalism since 1949","potentialAction":[{"@type":"SearchAction","target":{"@type":"EntryPoint","urlTemplate":"https:\/\/nna-ccj.ca\/?s={search_term_string}"},"query-input":{"@type":"PropertyValueSpecification","valueRequired":true,"valueName":"search_term_string"}}],"inLanguage":"fr-FR"},{"@type":"Person","@id":"https:\/\/nna-ccj.ca\/#\/schema\/person\/0a46481a6142eb3d4075b5d472a18b5b","name":"Mariana Soares","image":{"@type":"ImageObject","inLanguage":"fr-FR","@id":"https:\/\/secure.gravatar.com\/avatar\/9d336c647e3c4eb3b35294b2ddd21be6a78fda0843eefdd022d6d5df79252fda?s=96&d=mm&r=g","url":"https:\/\/secure.gravatar.com\/avatar\/9d336c647e3c4eb3b35294b2ddd21be6a78fda0843eefdd022d6d5df79252fda?s=96&d=mm&r=g","contentUrl":"https:\/\/secure.gravatar.com\/avatar\/9d336c647e3c4eb3b35294b2ddd21be6a78fda0843eefdd022d6d5df79252fda?s=96&d=mm&r=g","caption":"Mariana Soares"},"sameAs":["https:\/\/nna-ccj.ca\/"],"url":"https:\/\/nna-ccj.ca\/fr\/author\/marisoares\/"}]}},"jetpack_featured_media_url":"https:\/\/nna-ccj.ca\/wp-content\/uploads\/2026\/04\/Copy-of-french-graphic-3.png","jetpack_sharing_enabled":true,"_links":{"self":[{"href":"https:\/\/nna-ccj.ca\/fr\/wp-json\/wp\/v2\/posts\/12290","targetHints":{"allow":["GET"]}}],"collection":[{"href":"https:\/\/nna-ccj.ca\/fr\/wp-json\/wp\/v2\/posts"}],"about":[{"href":"https:\/\/nna-ccj.ca\/fr\/wp-json\/wp\/v2\/types\/post"}],"author":[{"embeddable":true,"href":"https:\/\/nna-ccj.ca\/fr\/wp-json\/wp\/v2\/users\/9"}],"replies":[{"embeddable":true,"href":"https:\/\/nna-ccj.ca\/fr\/wp-json\/wp\/v2\/comments?post=12290"}],"version-history":[{"count":1,"href":"https:\/\/nna-ccj.ca\/fr\/wp-json\/wp\/v2\/posts\/12290\/revisions"}],"predecessor-version":[{"id":12291,"href":"https:\/\/nna-ccj.ca\/fr\/wp-json\/wp\/v2\/posts\/12290\/revisions\/12291"}],"wp:featuredmedia":[{"embeddable":true,"href":"https:\/\/nna-ccj.ca\/fr\/wp-json\/wp\/v2\/media\/12285"}],"wp:attachment":[{"href":"https:\/\/nna-ccj.ca\/fr\/wp-json\/wp\/v2\/media?parent=12290"}],"wp:term":[{"taxonomy":"category","embeddable":true,"href":"https:\/\/nna-ccj.ca\/fr\/wp-json\/wp\/v2\/categories?post=12290"},{"taxonomy":"post_tag","embeddable":true,"href":"https:\/\/nna-ccj.ca\/fr\/wp-json\/wp\/v2\/tags?post=12290"}],"curies":[{"name":"wp","href":"https:\/\/api.w.org\/{rel}","templated":true}]}}