{"id":3030,"date":"2013-11-08T16:38:39","date_gmt":"2013-11-08T21:38:39","guid":{"rendered":"http:\/\/www.nna-ccj.ca\/?p=3030"},"modified":"2016-11-14T11:48:06","modified_gmt":"2016-11-14T16:48:06","slug":"nouvelle-directrice-de-programme-du-concours-canadien-de-journalisme","status":"publish","type":"post","link":"https:\/\/nna-ccj.ca\/fr\/nouvelle-directrice-de-programme-du-concours-canadien-de-journalisme\/","title":{"rendered":"Nouvelle directrice de programme du Concours canadien de journalisme"},"content":{"rendered":"<p><a href=\"http:\/\/new.nna-ccj.ca\/wp-content\/uploads\/2013\/10\/Lauraine.png\"><img fetchpriority=\"high\" decoding=\"async\" src=\"http:\/\/new.nna-ccj.ca\/wp-content\/uploads\/2013\/10\/Lauraine-271x300.png\" alt=\"Lauraine\" width=\"271\" height=\"300\" class=\"alignnone size-medium wp-image-4059\" srcset=\"https:\/\/nna-ccj.ca\/wp-content\/uploads\/2013\/10\/Lauraine-271x300.png 271w, https:\/\/nna-ccj.ca\/wp-content\/uploads\/2013\/10\/Lauraine-132x146.png 132w, https:\/\/nna-ccj.ca\/wp-content\/uploads\/2013\/10\/Lauraine-45x50.png 45w, https:\/\/nna-ccj.ca\/wp-content\/uploads\/2013\/10\/Lauraine-68x75.png 68w, https:\/\/nna-ccj.ca\/wp-content\/uploads\/2013\/10\/Lauraine.png 511w\" sizes=\"(max-width:767px) 271px, 271px\" \/><\/a><\/p>\n<p>Toronto, le 2 octobre 2013 \u2013 Le conseil des gouverneurs du Concours canadien de journalisme (CCJ) a le plaisir d\u2019annoncer l\u2019entr\u00e9e en fonction imm\u00e9diate de Lauraine Woods comme directrice de programme.<\/p>\n<p>Elle succ\u00e8de \u00e0 Bryan Cantley, qui a \u00e9t\u00e9 responsable du concours en tant que secr\u00e9taire g\u00e9n\u00e9ral durant 24 ans jusqu\u2019\u00e0 son d\u00e9c\u00e8s en juin dernier. <\/p>\n<p>Lauraine Woods a travaill\u00e9 en \u00e9troite collaboration avec Bryan Cantley en tant qu\u2019adjointe administrative du CCJ au cours des quatre derni\u00e8res ann\u00e9es. Elle assurera la gestion de tous les aspects op\u00e9rationnels du concours, qui rend hommage annuellement \u00e0 l\u2019excellence dans le journalisme \u00e9crit et en ligne au Canada.<\/p>\n<p>\u00abRemplacer Bryan repr\u00e9sente tout un d\u00e9fi, mais Lauraine est plus que capable de le relever comme elle l\u2019a d\u00e9montr\u00e9 le printemps dernier lorsque la maladie a emp\u00each\u00e9 Bryan de travailler au cours des derni\u00e8res phases de l\u2019organisation du gala\u00bb, a affirm\u00e9 Scott White, pr\u00e9sident du conseil des gouverneurs du CCJ. <\/p>\n<p>Dipl\u00f4m\u00e9e de l\u2019Universit\u00e9 Western Ontario, ainsi que du programme de gestion de b\u00e9n\u00e9volat de Humber College, Laurtaine Woods a pr\u00e9c\u00e9demment \u00e9t\u00e9 directrice g\u00e9n\u00e9rale du programme \u00abMeals on Wheels\u00bb \u00e0 Oakville, Ont. Dans les ann\u00e9es 1990, elle a travaill\u00e9 comme reporter pigiste au Hamilton Spectator.<\/p>\n<p>Elle sera appuy\u00e9e dans ses nouvelles fonctions par deux personnes ayant des liens \u00e9troits avec le Concours canadien de journalisme et les m\u00e9dias quotidiens au Canada : Paul Woods \u00e0 titre de consultant de r\u00e9daction et Ron Poling \u00e0 titre de consultant technique. <\/p>\n<p>Paul Woods a travaill\u00e9 \u00e0 La Presse Canadienne durant 31 ans comme reporter, r\u00e9dacteur, superviseur de r\u00e9daction et cadre sup\u00e9rieur et a \u00e9galement enseign\u00e9 le journalisme \u00e0 l\u2019Universit\u00e9 Ryerson. Il a r\u00e9cemment publi\u00e9 son premier livre : \u00abBouncing Back: From National Joke to Grey Cup Champs\u00bb. <\/p>\n<p>Ron Poling a travaill\u00e9 comme photographe pour le Ottawa Citizen, United Press Canada et La Presse Canadienne et comme \u00e9diteur photo et cadre sup\u00e9rieur pour La Presse Canadienne au cours de ses 30 ans de carri\u00e8re en journalisme. Il est aussi membre du conseil des gouverneurs du CCJ. <\/p>\n<p>Le CCJ en est \u00e0 sa 25e ann\u00e9e sous l\u2019\u00e9gide d\u2019un conseil des gouverneurs qui comprend des r\u00e9dacteurs, \u00e9diteurs et repr\u00e9sentants du public \u00e0 travers le Canada de m\u00eame que des membres du cercle de presse de Toronto.  <\/p>\n<p>Fond\u00e9 par le cercle de presse de Toronto en 1949, le CCJ rend hommage \u00e0 l\u2019excellence en journalisme dans les journaux quotidiens et les publications num\u00e9riques. Pour \u00eatre admissibles au concours de 2013, les reportages doivent avoir \u00e9t\u00e9 publi\u00e9s cette ann\u00e9e par un quotidien canadien (en version imprim\u00e9e ou en ligne) en fran\u00e7ais ou en anglais, ou par un site Internet qui r\u00e9pond aux crit\u00e8res d\u2019admissibilit\u00e9 fix\u00e9s par le conseil des gouverneurs. <\/p>\n<p>Les laur\u00e9ats de cette ann\u00e9e seront annonc\u00e9s le 30 mai prochain lors d\u2018un gala qui se tiendra \u00e0 Charlottetown, I.-P.-\u00c9.<\/p>\n<p>On peut trouver des renseignements \u00e0 propos du concours et des laur\u00e9ats pr\u00e9c\u00e9dents \u00e0  www.nna-ccj.ca.<\/p>\n<p>Pour plus d\u2019information, communiquez avec :<br \/>\nPaul Woods, consultant de r\u00e9daction<br \/>\neditorial@nna-ccj.ca<br \/>\n905 681-8675 (bureau)<br \/>\n647 606-8687 (mobile)<\/p>\n","protected":false},"excerpt":{"rendered":"<p>Toronto, le 2 octobre 2013 \u2013 Le conseil des gouverneurs du Concours canadien de journalisme (CCJ) a le plaisir d\u2019annoncer l\u2019entr\u00e9e en fonction imm\u00e9diate de Lauraine<span class=\"excerpt-hellip\"> [\u2026]<\/span><\/p>\n","protected":false},"author":2,"featured_media":0,"comment_status":"closed","ping_status":"open","sticky":false,"template":"","format":"standard","meta":{"_jetpack_memberships_contains_paid_content":false,"footnotes":""},"categories":[2],"tags":[],"class_list":["post-3030","post","type-post","status-publish","format-standard","hentry","category-non-classifiee"],"yoast_head":"<!-- This site is optimized with the Yoast SEO plugin v27.5 - https:\/\/yoast.com\/product\/yoast-seo-wordpress\/ -->\n<title>Nouvelle directrice de programme du Concours canadien de journalisme - National Newspaper Awards<\/title>\n<meta name=\"robots\" content=\"index, follow, max-snippet:-1, max-image-preview:large, max-video-preview:-1\" \/>\n<link rel=\"canonical\" href=\"https:\/\/nna-ccj.ca\/fr\/nouvelle-directrice-de-programme-du-concours-canadien-de-journalisme\/\" \/>\n<meta property=\"og:locale\" content=\"fr_FR\" \/>\n<meta property=\"og:type\" content=\"article\" \/>\n<meta property=\"og:title\" content=\"Nouvelle directrice de programme du Concours canadien de journalisme - National Newspaper Awards\" \/>\n<meta property=\"og:description\" content=\"Toronto, le 2 octobre 2013 \u2013 Le conseil des gouverneurs du Concours canadien de journalisme (CCJ) a le plaisir d\u2019annoncer l\u2019entr\u00e9e en fonction imm\u00e9diate de Lauraine [\u2026]\" \/>\n<meta property=\"og:url\" content=\"https:\/\/nna-ccj.ca\/fr\/nouvelle-directrice-de-programme-du-concours-canadien-de-journalisme\/\" \/>\n<meta property=\"og:site_name\" content=\"National Newspaper Awards\" \/>\n<meta property=\"article:published_time\" content=\"2013-11-08T21:38:39+00:00\" \/>\n<meta property=\"article:modified_time\" content=\"2016-11-14T16:48:06+00:00\" \/>\n<meta property=\"og:image\" content=\"http:\/\/new.nna-ccj.ca\/wp-content\/uploads\/2013\/10\/Lauraine-271x300.png\" \/>\n<meta name=\"author\" content=\"NNAadmin\" \/>\n<meta name=\"twitter:card\" content=\"summary_large_image\" \/>\n<meta name=\"twitter:label1\" content=\"\u00c9crit par\" \/>\n\t<meta name=\"twitter:data1\" content=\"NNAadmin\" \/>\n\t<meta name=\"twitter:label2\" content=\"Dur\u00e9e de lecture estim\u00e9e\" \/>\n\t<meta name=\"twitter:data2\" content=\"3 minutes\" \/>\n<script type=\"application\/ld+json\" class=\"yoast-schema-graph\">{\"@context\":\"https:\\\/\\\/schema.org\",\"@graph\":[{\"@type\":\"Article\",\"@id\":\"https:\\\/\\\/nna-ccj.ca\\\/fr\\\/nouvelle-directrice-de-programme-du-concours-canadien-de-journalisme\\\/#article\",\"isPartOf\":{\"@id\":\"https:\\\/\\\/nna-ccj.ca\\\/fr\\\/nouvelle-directrice-de-programme-du-concours-canadien-de-journalisme\\\/\"},\"author\":{\"name\":\"NNAadmin\",\"@id\":\"https:\\\/\\\/nna-ccj.ca\\\/#\\\/schema\\\/person\\\/74f4a77b48cbc797462cd5c899feb0d8\"},\"headline\":\"Nouvelle directrice de programme du Concours canadien de journalisme\",\"datePublished\":\"2013-11-08T21:38:39+00:00\",\"dateModified\":\"2016-11-14T16:48:06+00:00\",\"mainEntityOfPage\":{\"@id\":\"https:\\\/\\\/nna-ccj.ca\\\/fr\\\/nouvelle-directrice-de-programme-du-concours-canadien-de-journalisme\\\/\"},\"wordCount\":553,\"image\":{\"@id\":\"https:\\\/\\\/nna-ccj.ca\\\/fr\\\/nouvelle-directrice-de-programme-du-concours-canadien-de-journalisme\\\/#primaryimage\"},\"thumbnailUrl\":\"http:\\\/\\\/new.nna-ccj.ca\\\/wp-content\\\/uploads\\\/2013\\\/10\\\/Lauraine-271x300.png\",\"articleSection\":[\"Non classifi\u00e9(e)\"],\"inLanguage\":\"fr-FR\"},{\"@type\":\"WebPage\",\"@id\":\"https:\\\/\\\/nna-ccj.ca\\\/fr\\\/nouvelle-directrice-de-programme-du-concours-canadien-de-journalisme\\\/\",\"url\":\"https:\\\/\\\/nna-ccj.ca\\\/fr\\\/nouvelle-directrice-de-programme-du-concours-canadien-de-journalisme\\\/\",\"name\":\"Nouvelle directrice de programme du Concours canadien de journalisme - National Newspaper Awards\",\"isPartOf\":{\"@id\":\"https:\\\/\\\/nna-ccj.ca\\\/#website\"},\"primaryImageOfPage\":{\"@id\":\"https:\\\/\\\/nna-ccj.ca\\\/fr\\\/nouvelle-directrice-de-programme-du-concours-canadien-de-journalisme\\\/#primaryimage\"},\"image\":{\"@id\":\"https:\\\/\\\/nna-ccj.ca\\\/fr\\\/nouvelle-directrice-de-programme-du-concours-canadien-de-journalisme\\\/#primaryimage\"},\"thumbnailUrl\":\"http:\\\/\\\/new.nna-ccj.ca\\\/wp-content\\\/uploads\\\/2013\\\/10\\\/Lauraine-271x300.png\",\"datePublished\":\"2013-11-08T21:38:39+00:00\",\"dateModified\":\"2016-11-14T16:48:06+00:00\",\"author\":{\"@id\":\"https:\\\/\\\/nna-ccj.ca\\\/#\\\/schema\\\/person\\\/74f4a77b48cbc797462cd5c899feb0d8\"},\"breadcrumb\":{\"@id\":\"https:\\\/\\\/nna-ccj.ca\\\/fr\\\/nouvelle-directrice-de-programme-du-concours-canadien-de-journalisme\\\/#breadcrumb\"},\"inLanguage\":\"fr-FR\",\"potentialAction\":[{\"@type\":\"ReadAction\",\"target\":[\"https:\\\/\\\/nna-ccj.ca\\\/fr\\\/nouvelle-directrice-de-programme-du-concours-canadien-de-journalisme\\\/\"]}]},{\"@type\":\"ImageObject\",\"inLanguage\":\"fr-FR\",\"@id\":\"https:\\\/\\\/nna-ccj.ca\\\/fr\\\/nouvelle-directrice-de-programme-du-concours-canadien-de-journalisme\\\/#primaryimage\",\"url\":\"http:\\\/\\\/new.nna-ccj.ca\\\/wp-content\\\/uploads\\\/2013\\\/10\\\/Lauraine-271x300.png\",\"contentUrl\":\"http:\\\/\\\/new.nna-ccj.ca\\\/wp-content\\\/uploads\\\/2013\\\/10\\\/Lauraine-271x300.png\"},{\"@type\":\"BreadcrumbList\",\"@id\":\"https:\\\/\\\/nna-ccj.ca\\\/fr\\\/nouvelle-directrice-de-programme-du-concours-canadien-de-journalisme\\\/#breadcrumb\",\"itemListElement\":[{\"@type\":\"ListItem\",\"position\":1,\"name\":\"Home\",\"item\":\"https:\\\/\\\/nna-ccj.ca\\\/fr\\\/\"},{\"@type\":\"ListItem\",\"position\":2,\"name\":\"Nouvelle directrice de programme du Concours canadien de journalisme\"}]},{\"@type\":\"WebSite\",\"@id\":\"https:\\\/\\\/nna-ccj.ca\\\/#website\",\"url\":\"https:\\\/\\\/nna-ccj.ca\\\/\",\"name\":\"National Newspaper Awards\",\"description\":\"Honouring the best in Canadian Journalism since 1949\",\"potentialAction\":[{\"@type\":\"SearchAction\",\"target\":{\"@type\":\"EntryPoint\",\"urlTemplate\":\"https:\\\/\\\/nna-ccj.ca\\\/?s={search_term_string}\"},\"query-input\":{\"@type\":\"PropertyValueSpecification\",\"valueRequired\":true,\"valueName\":\"search_term_string\"}}],\"inLanguage\":\"fr-FR\"},{\"@type\":\"Person\",\"@id\":\"https:\\\/\\\/nna-ccj.ca\\\/#\\\/schema\\\/person\\\/74f4a77b48cbc797462cd5c899feb0d8\",\"name\":\"NNAadmin\",\"image\":{\"@type\":\"ImageObject\",\"inLanguage\":\"fr-FR\",\"@id\":\"https:\\\/\\\/secure.gravatar.com\\\/avatar\\\/?s=96&d=mm&r=g\",\"url\":\"https:\\\/\\\/secure.gravatar.com\\\/avatar\\\/?s=96&d=mm&r=g\",\"contentUrl\":\"https:\\\/\\\/secure.gravatar.com\\\/avatar\\\/?s=96&d=mm&r=g\",\"caption\":\"NNAadmin\"},\"url\":\"https:\\\/\\\/nna-ccj.ca\\\/fr\\\/author\\\/nnaadmin\\\/\"}]}<\/script>\n<!-- \/ Yoast SEO plugin. -->","yoast_head_json":{"title":"Nouvelle directrice de programme du Concours canadien de journalisme - National Newspaper Awards","robots":{"index":"index","follow":"follow","max-snippet":"max-snippet:-1","max-image-preview":"max-image-preview:large","max-video-preview":"max-video-preview:-1"},"canonical":"https:\/\/nna-ccj.ca\/fr\/nouvelle-directrice-de-programme-du-concours-canadien-de-journalisme\/","og_locale":"fr_FR","og_type":"article","og_title":"Nouvelle directrice de programme du Concours canadien de journalisme - National Newspaper Awards","og_description":"Toronto, le 2 octobre 2013 \u2013 Le conseil des gouverneurs du Concours canadien de journalisme (CCJ) a le plaisir d\u2019annoncer l\u2019entr\u00e9e en fonction imm\u00e9diate de Lauraine [\u2026]","og_url":"https:\/\/nna-ccj.ca\/fr\/nouvelle-directrice-de-programme-du-concours-canadien-de-journalisme\/","og_site_name":"National Newspaper Awards","article_published_time":"2013-11-08T21:38:39+00:00","article_modified_time":"2016-11-14T16:48:06+00:00","og_image":[{"url":"http:\/\/new.nna-ccj.ca\/wp-content\/uploads\/2013\/10\/Lauraine-271x300.png","type":"","width":"","height":""}],"author":"NNAadmin","twitter_card":"summary_large_image","twitter_misc":{"\u00c9crit par":"NNAadmin","Dur\u00e9e de lecture estim\u00e9e":"3 minutes"},"schema":{"@context":"https:\/\/schema.org","@graph":[{"@type":"Article","@id":"https:\/\/nna-ccj.ca\/fr\/nouvelle-directrice-de-programme-du-concours-canadien-de-journalisme\/#article","isPartOf":{"@id":"https:\/\/nna-ccj.ca\/fr\/nouvelle-directrice-de-programme-du-concours-canadien-de-journalisme\/"},"author":{"name":"NNAadmin","@id":"https:\/\/nna-ccj.ca\/#\/schema\/person\/74f4a77b48cbc797462cd5c899feb0d8"},"headline":"Nouvelle directrice de programme du Concours canadien de journalisme","datePublished":"2013-11-08T21:38:39+00:00","dateModified":"2016-11-14T16:48:06+00:00","mainEntityOfPage":{"@id":"https:\/\/nna-ccj.ca\/fr\/nouvelle-directrice-de-programme-du-concours-canadien-de-journalisme\/"},"wordCount":553,"image":{"@id":"https:\/\/nna-ccj.ca\/fr\/nouvelle-directrice-de-programme-du-concours-canadien-de-journalisme\/#primaryimage"},"thumbnailUrl":"http:\/\/new.nna-ccj.ca\/wp-content\/uploads\/2013\/10\/Lauraine-271x300.png","articleSection":["Non classifi\u00e9(e)"],"inLanguage":"fr-FR"},{"@type":"WebPage","@id":"https:\/\/nna-ccj.ca\/fr\/nouvelle-directrice-de-programme-du-concours-canadien-de-journalisme\/","url":"https:\/\/nna-ccj.ca\/fr\/nouvelle-directrice-de-programme-du-concours-canadien-de-journalisme\/","name":"Nouvelle directrice de programme du Concours canadien de journalisme - National Newspaper Awards","isPartOf":{"@id":"https:\/\/nna-ccj.ca\/#website"},"primaryImageOfPage":{"@id":"https:\/\/nna-ccj.ca\/fr\/nouvelle-directrice-de-programme-du-concours-canadien-de-journalisme\/#primaryimage"},"image":{"@id":"https:\/\/nna-ccj.ca\/fr\/nouvelle-directrice-de-programme-du-concours-canadien-de-journalisme\/#primaryimage"},"thumbnailUrl":"http:\/\/new.nna-ccj.ca\/wp-content\/uploads\/2013\/10\/Lauraine-271x300.png","datePublished":"2013-11-08T21:38:39+00:00","dateModified":"2016-11-14T16:48:06+00:00","author":{"@id":"https:\/\/nna-ccj.ca\/#\/schema\/person\/74f4a77b48cbc797462cd5c899feb0d8"},"breadcrumb":{"@id":"https:\/\/nna-ccj.ca\/fr\/nouvelle-directrice-de-programme-du-concours-canadien-de-journalisme\/#breadcrumb"},"inLanguage":"fr-FR","potentialAction":[{"@type":"ReadAction","target":["https:\/\/nna-ccj.ca\/fr\/nouvelle-directrice-de-programme-du-concours-canadien-de-journalisme\/"]}]},{"@type":"ImageObject","inLanguage":"fr-FR","@id":"https:\/\/nna-ccj.ca\/fr\/nouvelle-directrice-de-programme-du-concours-canadien-de-journalisme\/#primaryimage","url":"http:\/\/new.nna-ccj.ca\/wp-content\/uploads\/2013\/10\/Lauraine-271x300.png","contentUrl":"http:\/\/new.nna-ccj.ca\/wp-content\/uploads\/2013\/10\/Lauraine-271x300.png"},{"@type":"BreadcrumbList","@id":"https:\/\/nna-ccj.ca\/fr\/nouvelle-directrice-de-programme-du-concours-canadien-de-journalisme\/#breadcrumb","itemListElement":[{"@type":"ListItem","position":1,"name":"Home","item":"https:\/\/nna-ccj.ca\/fr\/"},{"@type":"ListItem","position":2,"name":"Nouvelle directrice de programme du Concours canadien de journalisme"}]},{"@type":"WebSite","@id":"https:\/\/nna-ccj.ca\/#website","url":"https:\/\/nna-ccj.ca\/","name":"National Newspaper Awards","description":"Honouring the best in Canadian Journalism since 1949","potentialAction":[{"@type":"SearchAction","target":{"@type":"EntryPoint","urlTemplate":"https:\/\/nna-ccj.ca\/?s={search_term_string}"},"query-input":{"@type":"PropertyValueSpecification","valueRequired":true,"valueName":"search_term_string"}}],"inLanguage":"fr-FR"},{"@type":"Person","@id":"https:\/\/nna-ccj.ca\/#\/schema\/person\/74f4a77b48cbc797462cd5c899feb0d8","name":"NNAadmin","image":{"@type":"ImageObject","inLanguage":"fr-FR","@id":"https:\/\/secure.gravatar.com\/avatar\/?s=96&d=mm&r=g","url":"https:\/\/secure.gravatar.com\/avatar\/?s=96&d=mm&r=g","contentUrl":"https:\/\/secure.gravatar.com\/avatar\/?s=96&d=mm&r=g","caption":"NNAadmin"},"url":"https:\/\/nna-ccj.ca\/fr\/author\/nnaadmin\/"}]}},"jetpack_featured_media_url":"","jetpack_sharing_enabled":true,"_links":{"self":[{"href":"https:\/\/nna-ccj.ca\/fr\/wp-json\/wp\/v2\/posts\/3030","targetHints":{"allow":["GET"]}}],"collection":[{"href":"https:\/\/nna-ccj.ca\/fr\/wp-json\/wp\/v2\/posts"}],"about":[{"href":"https:\/\/nna-ccj.ca\/fr\/wp-json\/wp\/v2\/types\/post"}],"author":[{"embeddable":true,"href":"https:\/\/nna-ccj.ca\/fr\/wp-json\/wp\/v2\/users\/2"}],"replies":[{"embeddable":true,"href":"https:\/\/nna-ccj.ca\/fr\/wp-json\/wp\/v2\/comments?post=3030"}],"version-history":[{"count":1,"href":"https:\/\/nna-ccj.ca\/fr\/wp-json\/wp\/v2\/posts\/3030\/revisions"}],"predecessor-version":[{"id":4856,"href":"https:\/\/nna-ccj.ca\/fr\/wp-json\/wp\/v2\/posts\/3030\/revisions\/4856"}],"wp:attachment":[{"href":"https:\/\/nna-ccj.ca\/fr\/wp-json\/wp\/v2\/media?parent=3030"}],"wp:term":[{"taxonomy":"category","embeddable":true,"href":"https:\/\/nna-ccj.ca\/fr\/wp-json\/wp\/v2\/categories?post=3030"},{"taxonomy":"post_tag","embeddable":true,"href":"https:\/\/nna-ccj.ca\/fr\/wp-json\/wp\/v2\/tags?post=3030"}],"curies":[{"name":"wp","href":"https:\/\/api.w.org\/{rel}","templated":true}]}}