{"id":3485,"date":"2014-10-14T21:58:14","date_gmt":"2014-10-15T01:58:14","guid":{"rendered":"http:\/\/www.nna-ccj.ca\/?p=3485"},"modified":"2016-11-14T11:44:57","modified_gmt":"2016-11-14T16:44:57","slug":"photographie-de-reportage-dactualite-2013","status":"publish","type":"post","link":"https:\/\/nna-ccj.ca\/fr\/photographie-de-reportage-dactualite-2013\/","title":{"rendered":"Gagnant 2013 &#8211; Photographie de reportage d\u2019actualit\u00e9"},"content":{"rendered":"<p><span class=\"tc-meta\"><a href=\"http:\/\/new.nna-ccj.ca\/wp-content\/uploads\/2014\/05\/2013NF_620x100pct.jpg\"><img fetchpriority=\"high\" decoding=\"async\" class=\"alignnone size-full wp-image-3560\" src=\"http:\/\/new.nna-ccj.ca\/wp-content\/uploads\/2014\/05\/2013NF_620x100pct.jpg\" alt=\"2013NF_620x100pct\" width=\"620\" height=\"246\" \/><\/a>Le maire de Toronto Rob Ford, portant un chandail des Argos de la LCF, si\u00e8ge au conseil municipal le 14 novembre 2013 avant le d\u00e9p\u00f4t d\u2019une motion de destitution. Quelques minutes auparavant, il a fait \u00e0 la presse une d\u00e9claration contenant des propos sexuellement explicites tout en rejetant d\u2019autres all\u00e9gations de consommation de drogue et de conduite inappropri\u00e9e. Le maire Ford est de plus en plus isol\u00e9 au conseil municipal en raison de la crise qui subsiste \u00e0 la mairie. Photo par Moe Doiron\/The Globe and Mail<\/span><\/p>\n<p>&nbsp;<\/p>\n","protected":false},"excerpt":{"rendered":"<p>Le maire de Toronto Rob Ford, portant un chandail des Argos de la LCF, si\u00e8ge au conseil municipal le 14 novembre 2013 avant le d\u00e9p\u00f4t d\u2019une motion de destitution. Quelques minutes auparavant, il a fait \u00e0 la presse une d\u00e9claration contenant des propos sexuellement explicites tout en rejetant d\u2019autres all\u00e9gations de consommation de drogue et de conduite inappropri\u00e9e. Le maire Ford est de plus en plus isol\u00e9 au conseil municipal en raison de la crise qui subsiste \u00e0 la mairie. Photo par Moe Doiron\/The Globe and Mail  (Cliquez sur la photo pour voir l\u2019image enti\u00e8re)<\/p>\n","protected":false},"author":6,"featured_media":3532,"comment_status":"closed","ping_status":"closed","sticky":false,"template":"","format":"standard","meta":{"_jetpack_memberships_contains_paid_content":false,"footnotes":""},"categories":[2],"tags":[],"class_list":["post-3485","post","type-post","status-publish","format-standard","has-post-thumbnail","hentry","category-non-classifiee"],"yoast_head":"<!-- This site is optimized with the Yoast SEO plugin v27.5 - https:\/\/yoast.com\/product\/yoast-seo-wordpress\/ -->\n<title>Gagnant 2013 - Photographie de reportage d\u2019actualit\u00e9 - National Newspaper Awards<\/title>\n<meta name=\"robots\" content=\"index, follow, max-snippet:-1, max-image-preview:large, max-video-preview:-1\" \/>\n<link rel=\"canonical\" href=\"https:\/\/nna-ccj.ca\/fr\/photographie-de-reportage-dactualite-2013\/\" \/>\n<meta property=\"og:locale\" content=\"fr_FR\" \/>\n<meta property=\"og:type\" content=\"article\" \/>\n<meta property=\"og:title\" content=\"Gagnant 2013 - Photographie de reportage d\u2019actualit\u00e9 - National Newspaper Awards\" \/>\n<meta property=\"og:description\" content=\"Le maire de Toronto Rob Ford, portant un chandail des Argos de la LCF, si\u00e8ge au conseil municipal le 14 novembre 2013 avant le d\u00e9p\u00f4t d\u2019une motion de destitution. Quelques minutes auparavant, il a fait \u00e0 la presse une d\u00e9claration contenant des propos sexuellement explicites tout en rejetant d\u2019autres all\u00e9gations de consommation de drogue et de conduite inappropri\u00e9e. Le maire Ford est de plus en plus isol\u00e9 au conseil municipal en raison de la crise qui subsiste \u00e0 la mairie. Photo par Moe Doiron\/The Globe and Mail (Cliquez sur la photo pour voir l\u2019image enti\u00e8re)\" \/>\n<meta property=\"og:url\" content=\"https:\/\/nna-ccj.ca\/fr\/photographie-de-reportage-dactualite-2013\/\" \/>\n<meta property=\"og:site_name\" content=\"National Newspaper Awards\" \/>\n<meta property=\"article:published_time\" content=\"2014-10-15T01:58:14+00:00\" \/>\n<meta property=\"article:modified_time\" content=\"2016-11-14T16:44:57+00:00\" \/>\n<meta property=\"og:image\" content=\"https:\/\/nna-ccj.ca\/wp-content\/uploads\/2014\/05\/2013NF_620x350.jpg\" \/>\n\t<meta property=\"og:image:width\" content=\"620\" \/>\n\t<meta property=\"og:image:height\" content=\"350\" \/>\n\t<meta property=\"og:image:type\" content=\"image\/jpeg\" \/>\n<meta name=\"author\" content=\"Ron P\" \/>\n<meta name=\"twitter:card\" content=\"summary_large_image\" \/>\n<meta name=\"twitter:label1\" content=\"\u00c9crit par\" \/>\n\t<meta name=\"twitter:data1\" content=\"Ron P\" \/>\n<script type=\"application\/ld+json\" class=\"yoast-schema-graph\">{\"@context\":\"https:\\\/\\\/schema.org\",\"@graph\":[{\"@type\":\"Article\",\"@id\":\"https:\\\/\\\/nna-ccj.ca\\\/fr\\\/photographie-de-reportage-dactualite-2013\\\/#article\",\"isPartOf\":{\"@id\":\"https:\\\/\\\/nna-ccj.ca\\\/fr\\\/photographie-de-reportage-dactualite-2013\\\/\"},\"author\":{\"name\":\"Ron P\",\"@id\":\"https:\\\/\\\/nna-ccj.ca\\\/#\\\/schema\\\/person\\\/230002f7de426c07526ab6f173f2f878\"},\"headline\":\"Gagnant 2013 &#8211; Photographie de reportage d\u2019actualit\u00e9\",\"datePublished\":\"2014-10-15T01:58:14+00:00\",\"dateModified\":\"2016-11-14T16:44:57+00:00\",\"mainEntityOfPage\":{\"@id\":\"https:\\\/\\\/nna-ccj.ca\\\/fr\\\/photographie-de-reportage-dactualite-2013\\\/\"},\"wordCount\":100,\"image\":{\"@id\":\"https:\\\/\\\/nna-ccj.ca\\\/fr\\\/photographie-de-reportage-dactualite-2013\\\/#primaryimage\"},\"thumbnailUrl\":\"https:\\\/\\\/nna-ccj.ca\\\/wp-content\\\/uploads\\\/2014\\\/05\\\/2013NF_620x350.jpg\",\"articleSection\":[\"Non classifi\u00e9(e)\"],\"inLanguage\":\"fr-FR\"},{\"@type\":\"WebPage\",\"@id\":\"https:\\\/\\\/nna-ccj.ca\\\/fr\\\/photographie-de-reportage-dactualite-2013\\\/\",\"url\":\"https:\\\/\\\/nna-ccj.ca\\\/fr\\\/photographie-de-reportage-dactualite-2013\\\/\",\"name\":\"Gagnant 2013 - Photographie de reportage d\u2019actualit\u00e9 - National Newspaper Awards\",\"isPartOf\":{\"@id\":\"https:\\\/\\\/nna-ccj.ca\\\/#website\"},\"primaryImageOfPage\":{\"@id\":\"https:\\\/\\\/nna-ccj.ca\\\/fr\\\/photographie-de-reportage-dactualite-2013\\\/#primaryimage\"},\"image\":{\"@id\":\"https:\\\/\\\/nna-ccj.ca\\\/fr\\\/photographie-de-reportage-dactualite-2013\\\/#primaryimage\"},\"thumbnailUrl\":\"https:\\\/\\\/nna-ccj.ca\\\/wp-content\\\/uploads\\\/2014\\\/05\\\/2013NF_620x350.jpg\",\"datePublished\":\"2014-10-15T01:58:14+00:00\",\"dateModified\":\"2016-11-14T16:44:57+00:00\",\"author\":{\"@id\":\"https:\\\/\\\/nna-ccj.ca\\\/#\\\/schema\\\/person\\\/230002f7de426c07526ab6f173f2f878\"},\"breadcrumb\":{\"@id\":\"https:\\\/\\\/nna-ccj.ca\\\/fr\\\/photographie-de-reportage-dactualite-2013\\\/#breadcrumb\"},\"inLanguage\":\"fr-FR\",\"potentialAction\":[{\"@type\":\"ReadAction\",\"target\":[\"https:\\\/\\\/nna-ccj.ca\\\/fr\\\/photographie-de-reportage-dactualite-2013\\\/\"]}]},{\"@type\":\"ImageObject\",\"inLanguage\":\"fr-FR\",\"@id\":\"https:\\\/\\\/nna-ccj.ca\\\/fr\\\/photographie-de-reportage-dactualite-2013\\\/#primaryimage\",\"url\":\"https:\\\/\\\/nna-ccj.ca\\\/wp-content\\\/uploads\\\/2014\\\/05\\\/2013NF_620x350.jpg\",\"contentUrl\":\"https:\\\/\\\/nna-ccj.ca\\\/wp-content\\\/uploads\\\/2014\\\/05\\\/2013NF_620x350.jpg\",\"width\":620,\"height\":350},{\"@type\":\"BreadcrumbList\",\"@id\":\"https:\\\/\\\/nna-ccj.ca\\\/fr\\\/photographie-de-reportage-dactualite-2013\\\/#breadcrumb\",\"itemListElement\":[{\"@type\":\"ListItem\",\"position\":1,\"name\":\"Home\",\"item\":\"https:\\\/\\\/nna-ccj.ca\\\/fr\\\/\"},{\"@type\":\"ListItem\",\"position\":2,\"name\":\"Gagnant 2013 &#8211; Photographie de reportage d\u2019actualit\u00e9\"}]},{\"@type\":\"WebSite\",\"@id\":\"https:\\\/\\\/nna-ccj.ca\\\/#website\",\"url\":\"https:\\\/\\\/nna-ccj.ca\\\/\",\"name\":\"National Newspaper Awards\",\"description\":\"Honouring the best in Canadian Journalism since 1949\",\"potentialAction\":[{\"@type\":\"SearchAction\",\"target\":{\"@type\":\"EntryPoint\",\"urlTemplate\":\"https:\\\/\\\/nna-ccj.ca\\\/?s={search_term_string}\"},\"query-input\":{\"@type\":\"PropertyValueSpecification\",\"valueRequired\":true,\"valueName\":\"search_term_string\"}}],\"inLanguage\":\"fr-FR\"},{\"@type\":\"Person\",\"@id\":\"https:\\\/\\\/nna-ccj.ca\\\/#\\\/schema\\\/person\\\/230002f7de426c07526ab6f173f2f878\",\"name\":\"Ron P\",\"image\":{\"@type\":\"ImageObject\",\"inLanguage\":\"fr-FR\",\"@id\":\"https:\\\/\\\/secure.gravatar.com\\\/avatar\\\/?s=96&d=mm&r=g\",\"url\":\"https:\\\/\\\/secure.gravatar.com\\\/avatar\\\/?s=96&d=mm&r=g\",\"contentUrl\":\"https:\\\/\\\/secure.gravatar.com\\\/avatar\\\/?s=96&d=mm&r=g\",\"caption\":\"Ron P\"},\"url\":\"https:\\\/\\\/nna-ccj.ca\\\/fr\\\/author\\\/ron-p\\\/\"}]}<\/script>\n<!-- \/ Yoast SEO plugin. -->","yoast_head_json":{"title":"Gagnant 2013 - Photographie de reportage d\u2019actualit\u00e9 - National Newspaper Awards","robots":{"index":"index","follow":"follow","max-snippet":"max-snippet:-1","max-image-preview":"max-image-preview:large","max-video-preview":"max-video-preview:-1"},"canonical":"https:\/\/nna-ccj.ca\/fr\/photographie-de-reportage-dactualite-2013\/","og_locale":"fr_FR","og_type":"article","og_title":"Gagnant 2013 - Photographie de reportage d\u2019actualit\u00e9 - National Newspaper Awards","og_description":"Le maire de Toronto Rob Ford, portant un chandail des Argos de la LCF, si\u00e8ge au conseil municipal le 14 novembre 2013 avant le d\u00e9p\u00f4t d\u2019une motion de destitution. Quelques minutes auparavant, il a fait \u00e0 la presse une d\u00e9claration contenant des propos sexuellement explicites tout en rejetant d\u2019autres all\u00e9gations de consommation de drogue et de conduite inappropri\u00e9e. Le maire Ford est de plus en plus isol\u00e9 au conseil municipal en raison de la crise qui subsiste \u00e0 la mairie. Photo par Moe Doiron\/The Globe and Mail (Cliquez sur la photo pour voir l\u2019image enti\u00e8re)","og_url":"https:\/\/nna-ccj.ca\/fr\/photographie-de-reportage-dactualite-2013\/","og_site_name":"National Newspaper Awards","article_published_time":"2014-10-15T01:58:14+00:00","article_modified_time":"2016-11-14T16:44:57+00:00","og_image":[{"width":620,"height":350,"url":"https:\/\/nna-ccj.ca\/wp-content\/uploads\/2014\/05\/2013NF_620x350.jpg","type":"image\/jpeg"}],"author":"Ron P","twitter_card":"summary_large_image","twitter_misc":{"\u00c9crit par":"Ron P"},"schema":{"@context":"https:\/\/schema.org","@graph":[{"@type":"Article","@id":"https:\/\/nna-ccj.ca\/fr\/photographie-de-reportage-dactualite-2013\/#article","isPartOf":{"@id":"https:\/\/nna-ccj.ca\/fr\/photographie-de-reportage-dactualite-2013\/"},"author":{"name":"Ron P","@id":"https:\/\/nna-ccj.ca\/#\/schema\/person\/230002f7de426c07526ab6f173f2f878"},"headline":"Gagnant 2013 &#8211; Photographie de reportage d\u2019actualit\u00e9","datePublished":"2014-10-15T01:58:14+00:00","dateModified":"2016-11-14T16:44:57+00:00","mainEntityOfPage":{"@id":"https:\/\/nna-ccj.ca\/fr\/photographie-de-reportage-dactualite-2013\/"},"wordCount":100,"image":{"@id":"https:\/\/nna-ccj.ca\/fr\/photographie-de-reportage-dactualite-2013\/#primaryimage"},"thumbnailUrl":"https:\/\/nna-ccj.ca\/wp-content\/uploads\/2014\/05\/2013NF_620x350.jpg","articleSection":["Non classifi\u00e9(e)"],"inLanguage":"fr-FR"},{"@type":"WebPage","@id":"https:\/\/nna-ccj.ca\/fr\/photographie-de-reportage-dactualite-2013\/","url":"https:\/\/nna-ccj.ca\/fr\/photographie-de-reportage-dactualite-2013\/","name":"Gagnant 2013 - Photographie de reportage d\u2019actualit\u00e9 - National Newspaper Awards","isPartOf":{"@id":"https:\/\/nna-ccj.ca\/#website"},"primaryImageOfPage":{"@id":"https:\/\/nna-ccj.ca\/fr\/photographie-de-reportage-dactualite-2013\/#primaryimage"},"image":{"@id":"https:\/\/nna-ccj.ca\/fr\/photographie-de-reportage-dactualite-2013\/#primaryimage"},"thumbnailUrl":"https:\/\/nna-ccj.ca\/wp-content\/uploads\/2014\/05\/2013NF_620x350.jpg","datePublished":"2014-10-15T01:58:14+00:00","dateModified":"2016-11-14T16:44:57+00:00","author":{"@id":"https:\/\/nna-ccj.ca\/#\/schema\/person\/230002f7de426c07526ab6f173f2f878"},"breadcrumb":{"@id":"https:\/\/nna-ccj.ca\/fr\/photographie-de-reportage-dactualite-2013\/#breadcrumb"},"inLanguage":"fr-FR","potentialAction":[{"@type":"ReadAction","target":["https:\/\/nna-ccj.ca\/fr\/photographie-de-reportage-dactualite-2013\/"]}]},{"@type":"ImageObject","inLanguage":"fr-FR","@id":"https:\/\/nna-ccj.ca\/fr\/photographie-de-reportage-dactualite-2013\/#primaryimage","url":"https:\/\/nna-ccj.ca\/wp-content\/uploads\/2014\/05\/2013NF_620x350.jpg","contentUrl":"https:\/\/nna-ccj.ca\/wp-content\/uploads\/2014\/05\/2013NF_620x350.jpg","width":620,"height":350},{"@type":"BreadcrumbList","@id":"https:\/\/nna-ccj.ca\/fr\/photographie-de-reportage-dactualite-2013\/#breadcrumb","itemListElement":[{"@type":"ListItem","position":1,"name":"Home","item":"https:\/\/nna-ccj.ca\/fr\/"},{"@type":"ListItem","position":2,"name":"Gagnant 2013 &#8211; Photographie de reportage d\u2019actualit\u00e9"}]},{"@type":"WebSite","@id":"https:\/\/nna-ccj.ca\/#website","url":"https:\/\/nna-ccj.ca\/","name":"National Newspaper Awards","description":"Honouring the best in Canadian Journalism since 1949","potentialAction":[{"@type":"SearchAction","target":{"@type":"EntryPoint","urlTemplate":"https:\/\/nna-ccj.ca\/?s={search_term_string}"},"query-input":{"@type":"PropertyValueSpecification","valueRequired":true,"valueName":"search_term_string"}}],"inLanguage":"fr-FR"},{"@type":"Person","@id":"https:\/\/nna-ccj.ca\/#\/schema\/person\/230002f7de426c07526ab6f173f2f878","name":"Ron P","image":{"@type":"ImageObject","inLanguage":"fr-FR","@id":"https:\/\/secure.gravatar.com\/avatar\/?s=96&d=mm&r=g","url":"https:\/\/secure.gravatar.com\/avatar\/?s=96&d=mm&r=g","contentUrl":"https:\/\/secure.gravatar.com\/avatar\/?s=96&d=mm&r=g","caption":"Ron P"},"url":"https:\/\/nna-ccj.ca\/fr\/author\/ron-p\/"}]}},"jetpack_featured_media_url":"https:\/\/nna-ccj.ca\/wp-content\/uploads\/2014\/05\/2013NF_620x350.jpg","jetpack_sharing_enabled":true,"_links":{"self":[{"href":"https:\/\/nna-ccj.ca\/fr\/wp-json\/wp\/v2\/posts\/3485","targetHints":{"allow":["GET"]}}],"collection":[{"href":"https:\/\/nna-ccj.ca\/fr\/wp-json\/wp\/v2\/posts"}],"about":[{"href":"https:\/\/nna-ccj.ca\/fr\/wp-json\/wp\/v2\/types\/post"}],"author":[{"embeddable":true,"href":"https:\/\/nna-ccj.ca\/fr\/wp-json\/wp\/v2\/users\/6"}],"replies":[{"embeddable":true,"href":"https:\/\/nna-ccj.ca\/fr\/wp-json\/wp\/v2\/comments?post=3485"}],"version-history":[{"count":1,"href":"https:\/\/nna-ccj.ca\/fr\/wp-json\/wp\/v2\/posts\/3485\/revisions"}],"predecessor-version":[{"id":4844,"href":"https:\/\/nna-ccj.ca\/fr\/wp-json\/wp\/v2\/posts\/3485\/revisions\/4844"}],"wp:featuredmedia":[{"embeddable":true,"href":"https:\/\/nna-ccj.ca\/fr\/wp-json\/wp\/v2\/media\/3532"}],"wp:attachment":[{"href":"https:\/\/nna-ccj.ca\/fr\/wp-json\/wp\/v2\/media?parent=3485"}],"wp:term":[{"taxonomy":"category","embeddable":true,"href":"https:\/\/nna-ccj.ca\/fr\/wp-json\/wp\/v2\/categories?post=3485"},{"taxonomy":"post_tag","embeddable":true,"href":"https:\/\/nna-ccj.ca\/fr\/wp-json\/wp\/v2\/tags?post=3485"}],"curies":[{"name":"wp","href":"https:\/\/api.w.org\/{rel}","templated":true}]}}