{"id":3948,"date":"2015-04-26T08:51:26","date_gmt":"2015-04-26T12:51:26","guid":{"rendered":"http:\/\/www.nna-ccj.ca\/?p=3948"},"modified":"2016-11-14T11:38:06","modified_gmt":"2016-11-14T16:38:06","slug":"la-soiree-de-gala-aura-lieu-le-vendredi-22-mai-2","status":"publish","type":"post","link":"https:\/\/nna-ccj.ca\/fr\/la-soiree-de-gala-aura-lieu-le-vendredi-22-mai-2\/","title":{"rendered":"LA SOIR\u00c9E DE GALA AURA LIEU LE VENDREDI 22 MAI"},"content":{"rendered":"<p>La r\u00e9ception d\u00e9bute \u00e0 18h au Sheraton Centre Toronto, 123, rue  Queen ouest, dans la salle Grand East Ballroom. Gabrielle Duchaine de La Presse et Mike Strobel du Toronto Sun coanimeront la strobel emceesoir\u00e9e cette ann\u00e9e pour notre plus grand plaisir.<\/p>\n<p>Le prix des billets est de 200 $ l\u2019unit\u00e9 + TVH, et on peut se les procurer aupr\u00e8s de Lauraine Woods (info@nna-ccj.ca) ou par l\u2019entremise du site web de Journaux Canadiens. Si votre organisation figure sur la liste des bienfaiteurs, le prix de vos billets sera de 175 $ + TVH. Pour obtenir le code de r\u00e9duction des billets de bienfaiteurs, vous devez communiquer avec Lauraine Woods.<\/p>\n<p><a href=\"http:\/\/new.nna-ccj.ca\/wp-content\/uploads\/2015\/01\/strobel-emcee.png\"><img fetchpriority=\"high\" decoding=\"async\" src=\"http:\/\/new.nna-ccj.ca\/wp-content\/uploads\/2015\/01\/strobel-emcee-269x300.png\" alt=\"strobel emcee\" width=\"269\" height=\"300\" class=\"alignnone size-medium wp-image-3846\" srcset=\"https:\/\/nna-ccj.ca\/wp-content\/uploads\/2015\/01\/strobel-emcee-269x300.png 269w, https:\/\/nna-ccj.ca\/wp-content\/uploads\/2015\/01\/strobel-emcee-768x856.png 768w, https:\/\/nna-ccj.ca\/wp-content\/uploads\/2015\/01\/strobel-emcee-131x146.png 131w, https:\/\/nna-ccj.ca\/wp-content\/uploads\/2015\/01\/strobel-emcee-45x50.png 45w, https:\/\/nna-ccj.ca\/wp-content\/uploads\/2015\/01\/strobel-emcee-67x75.png 67w, https:\/\/nna-ccj.ca\/wp-content\/uploads\/2015\/01\/strobel-emcee.png 781w\" sizes=\"(max-width:767px) 269px, 269px\" \/><\/a><\/p>\n","protected":false},"excerpt":{"rendered":"<p>La r\u00e9ception d\u00e9bute \u00e0 18h au Sheraton Centre Toronto, 123, rue Queen ouest, dans la salle Grand East Ballroom. Gabrielle Duchaine de La Presse et Mike<span class=\"excerpt-hellip\"> [\u2026]<\/span><\/p>\n","protected":false},"author":5,"featured_media":0,"comment_status":"closed","ping_status":"open","sticky":false,"template":"","format":"standard","meta":{"_jetpack_memberships_contains_paid_content":false,"footnotes":""},"categories":[2],"tags":[],"class_list":["post-3948","post","type-post","status-publish","format-standard","hentry","category-non-classifiee"],"yoast_head":"<!-- This site is optimized with the Yoast SEO plugin v27.5 - https:\/\/yoast.com\/product\/yoast-seo-wordpress\/ -->\n<title>LA SOIR\u00c9E DE GALA AURA LIEU LE VENDREDI 22 MAI - National Newspaper Awards<\/title>\n<meta name=\"robots\" content=\"index, follow, max-snippet:-1, max-image-preview:large, max-video-preview:-1\" \/>\n<link rel=\"canonical\" href=\"https:\/\/nna-ccj.ca\/fr\/la-soiree-de-gala-aura-lieu-le-vendredi-22-mai-2\/\" \/>\n<meta property=\"og:locale\" content=\"fr_FR\" \/>\n<meta property=\"og:type\" content=\"article\" \/>\n<meta property=\"og:title\" content=\"LA SOIR\u00c9E DE GALA AURA LIEU LE VENDREDI 22 MAI - National Newspaper Awards\" \/>\n<meta property=\"og:description\" content=\"La r\u00e9ception d\u00e9bute \u00e0 18h au Sheraton Centre Toronto, 123, rue Queen ouest, dans la salle Grand East Ballroom. Gabrielle Duchaine de La Presse et Mike [\u2026]\" \/>\n<meta property=\"og:url\" content=\"https:\/\/nna-ccj.ca\/fr\/la-soiree-de-gala-aura-lieu-le-vendredi-22-mai-2\/\" \/>\n<meta property=\"og:site_name\" content=\"National Newspaper Awards\" \/>\n<meta property=\"article:published_time\" content=\"2015-04-26T12:51:26+00:00\" \/>\n<meta property=\"article:modified_time\" content=\"2016-11-14T16:38:06+00:00\" \/>\n<meta property=\"og:image\" content=\"http:\/\/new.nna-ccj.ca\/wp-content\/uploads\/2015\/01\/strobel-emcee-269x300.png\" \/>\n<meta name=\"author\" content=\"Lauraine\" \/>\n<meta name=\"twitter:card\" content=\"summary_large_image\" \/>\n<meta name=\"twitter:label1\" content=\"\u00c9crit par\" \/>\n\t<meta name=\"twitter:data1\" content=\"Lauraine\" \/>\n\t<meta name=\"twitter:label2\" content=\"Dur\u00e9e de lecture estim\u00e9e\" \/>\n\t<meta name=\"twitter:data2\" content=\"1 minute\" \/>\n<script type=\"application\/ld+json\" class=\"yoast-schema-graph\">{\"@context\":\"https:\\\/\\\/schema.org\",\"@graph\":[{\"@type\":\"Article\",\"@id\":\"https:\\\/\\\/nna-ccj.ca\\\/fr\\\/la-soiree-de-gala-aura-lieu-le-vendredi-22-mai-2\\\/#article\",\"isPartOf\":{\"@id\":\"https:\\\/\\\/nna-ccj.ca\\\/fr\\\/la-soiree-de-gala-aura-lieu-le-vendredi-22-mai-2\\\/\"},\"author\":{\"name\":\"Lauraine\",\"@id\":\"https:\\\/\\\/nna-ccj.ca\\\/#\\\/schema\\\/person\\\/fd4bd009f05d079936cd106274c167dd\"},\"headline\":\"LA SOIR\u00c9E DE GALA AURA LIEU LE VENDREDI 22 MAI\",\"datePublished\":\"2015-04-26T12:51:26+00:00\",\"dateModified\":\"2016-11-14T16:38:06+00:00\",\"mainEntityOfPage\":{\"@id\":\"https:\\\/\\\/nna-ccj.ca\\\/fr\\\/la-soiree-de-gala-aura-lieu-le-vendredi-22-mai-2\\\/\"},\"wordCount\":120,\"image\":{\"@id\":\"https:\\\/\\\/nna-ccj.ca\\\/fr\\\/la-soiree-de-gala-aura-lieu-le-vendredi-22-mai-2\\\/#primaryimage\"},\"thumbnailUrl\":\"http:\\\/\\\/new.nna-ccj.ca\\\/wp-content\\\/uploads\\\/2015\\\/01\\\/strobel-emcee-269x300.png\",\"articleSection\":[\"Non classifi\u00e9(e)\"],\"inLanguage\":\"fr-FR\"},{\"@type\":\"WebPage\",\"@id\":\"https:\\\/\\\/nna-ccj.ca\\\/fr\\\/la-soiree-de-gala-aura-lieu-le-vendredi-22-mai-2\\\/\",\"url\":\"https:\\\/\\\/nna-ccj.ca\\\/fr\\\/la-soiree-de-gala-aura-lieu-le-vendredi-22-mai-2\\\/\",\"name\":\"LA SOIR\u00c9E DE GALA AURA LIEU LE VENDREDI 22 MAI - National Newspaper Awards\",\"isPartOf\":{\"@id\":\"https:\\\/\\\/nna-ccj.ca\\\/#website\"},\"primaryImageOfPage\":{\"@id\":\"https:\\\/\\\/nna-ccj.ca\\\/fr\\\/la-soiree-de-gala-aura-lieu-le-vendredi-22-mai-2\\\/#primaryimage\"},\"image\":{\"@id\":\"https:\\\/\\\/nna-ccj.ca\\\/fr\\\/la-soiree-de-gala-aura-lieu-le-vendredi-22-mai-2\\\/#primaryimage\"},\"thumbnailUrl\":\"http:\\\/\\\/new.nna-ccj.ca\\\/wp-content\\\/uploads\\\/2015\\\/01\\\/strobel-emcee-269x300.png\",\"datePublished\":\"2015-04-26T12:51:26+00:00\",\"dateModified\":\"2016-11-14T16:38:06+00:00\",\"author\":{\"@id\":\"https:\\\/\\\/nna-ccj.ca\\\/#\\\/schema\\\/person\\\/fd4bd009f05d079936cd106274c167dd\"},\"breadcrumb\":{\"@id\":\"https:\\\/\\\/nna-ccj.ca\\\/fr\\\/la-soiree-de-gala-aura-lieu-le-vendredi-22-mai-2\\\/#breadcrumb\"},\"inLanguage\":\"fr-FR\",\"potentialAction\":[{\"@type\":\"ReadAction\",\"target\":[\"https:\\\/\\\/nna-ccj.ca\\\/fr\\\/la-soiree-de-gala-aura-lieu-le-vendredi-22-mai-2\\\/\"]}]},{\"@type\":\"ImageObject\",\"inLanguage\":\"fr-FR\",\"@id\":\"https:\\\/\\\/nna-ccj.ca\\\/fr\\\/la-soiree-de-gala-aura-lieu-le-vendredi-22-mai-2\\\/#primaryimage\",\"url\":\"http:\\\/\\\/new.nna-ccj.ca\\\/wp-content\\\/uploads\\\/2015\\\/01\\\/strobel-emcee-269x300.png\",\"contentUrl\":\"http:\\\/\\\/new.nna-ccj.ca\\\/wp-content\\\/uploads\\\/2015\\\/01\\\/strobel-emcee-269x300.png\"},{\"@type\":\"BreadcrumbList\",\"@id\":\"https:\\\/\\\/nna-ccj.ca\\\/fr\\\/la-soiree-de-gala-aura-lieu-le-vendredi-22-mai-2\\\/#breadcrumb\",\"itemListElement\":[{\"@type\":\"ListItem\",\"position\":1,\"name\":\"Home\",\"item\":\"https:\\\/\\\/nna-ccj.ca\\\/fr\\\/\"},{\"@type\":\"ListItem\",\"position\":2,\"name\":\"LA SOIR\u00c9E DE GALA AURA LIEU LE VENDREDI 22 MAI\"}]},{\"@type\":\"WebSite\",\"@id\":\"https:\\\/\\\/nna-ccj.ca\\\/#website\",\"url\":\"https:\\\/\\\/nna-ccj.ca\\\/\",\"name\":\"National Newspaper Awards\",\"description\":\"Honouring the best in Canadian Journalism since 1949\",\"potentialAction\":[{\"@type\":\"SearchAction\",\"target\":{\"@type\":\"EntryPoint\",\"urlTemplate\":\"https:\\\/\\\/nna-ccj.ca\\\/?s={search_term_string}\"},\"query-input\":{\"@type\":\"PropertyValueSpecification\",\"valueRequired\":true,\"valueName\":\"search_term_string\"}}],\"inLanguage\":\"fr-FR\"},{\"@type\":\"Person\",\"@id\":\"https:\\\/\\\/nna-ccj.ca\\\/#\\\/schema\\\/person\\\/fd4bd009f05d079936cd106274c167dd\",\"name\":\"Lauraine\",\"image\":{\"@type\":\"ImageObject\",\"inLanguage\":\"fr-FR\",\"@id\":\"https:\\\/\\\/secure.gravatar.com\\\/avatar\\\/b398a677f911ffe2dfe8721f2960b0dcbb649978fb3fca3f92b996fb4084a412?s=96&d=mm&r=g\",\"url\":\"https:\\\/\\\/secure.gravatar.com\\\/avatar\\\/b398a677f911ffe2dfe8721f2960b0dcbb649978fb3fca3f92b996fb4084a412?s=96&d=mm&r=g\",\"contentUrl\":\"https:\\\/\\\/secure.gravatar.com\\\/avatar\\\/b398a677f911ffe2dfe8721f2960b0dcbb649978fb3fca3f92b996fb4084a412?s=96&d=mm&r=g\",\"caption\":\"Lauraine\"},\"url\":\"https:\\\/\\\/nna-ccj.ca\\\/fr\\\/author\\\/lauraine\\\/\"}]}<\/script>\n<!-- \/ Yoast SEO plugin. -->","yoast_head_json":{"title":"LA SOIR\u00c9E DE GALA AURA LIEU LE VENDREDI 22 MAI - National Newspaper Awards","robots":{"index":"index","follow":"follow","max-snippet":"max-snippet:-1","max-image-preview":"max-image-preview:large","max-video-preview":"max-video-preview:-1"},"canonical":"https:\/\/nna-ccj.ca\/fr\/la-soiree-de-gala-aura-lieu-le-vendredi-22-mai-2\/","og_locale":"fr_FR","og_type":"article","og_title":"LA SOIR\u00c9E DE GALA AURA LIEU LE VENDREDI 22 MAI - National Newspaper Awards","og_description":"La r\u00e9ception d\u00e9bute \u00e0 18h au Sheraton Centre Toronto, 123, rue Queen ouest, dans la salle Grand East Ballroom. Gabrielle Duchaine de La Presse et Mike [\u2026]","og_url":"https:\/\/nna-ccj.ca\/fr\/la-soiree-de-gala-aura-lieu-le-vendredi-22-mai-2\/","og_site_name":"National Newspaper Awards","article_published_time":"2015-04-26T12:51:26+00:00","article_modified_time":"2016-11-14T16:38:06+00:00","og_image":[{"url":"http:\/\/new.nna-ccj.ca\/wp-content\/uploads\/2015\/01\/strobel-emcee-269x300.png","type":"","width":"","height":""}],"author":"Lauraine","twitter_card":"summary_large_image","twitter_misc":{"\u00c9crit par":"Lauraine","Dur\u00e9e de lecture estim\u00e9e":"1 minute"},"schema":{"@context":"https:\/\/schema.org","@graph":[{"@type":"Article","@id":"https:\/\/nna-ccj.ca\/fr\/la-soiree-de-gala-aura-lieu-le-vendredi-22-mai-2\/#article","isPartOf":{"@id":"https:\/\/nna-ccj.ca\/fr\/la-soiree-de-gala-aura-lieu-le-vendredi-22-mai-2\/"},"author":{"name":"Lauraine","@id":"https:\/\/nna-ccj.ca\/#\/schema\/person\/fd4bd009f05d079936cd106274c167dd"},"headline":"LA SOIR\u00c9E DE GALA AURA LIEU LE VENDREDI 22 MAI","datePublished":"2015-04-26T12:51:26+00:00","dateModified":"2016-11-14T16:38:06+00:00","mainEntityOfPage":{"@id":"https:\/\/nna-ccj.ca\/fr\/la-soiree-de-gala-aura-lieu-le-vendredi-22-mai-2\/"},"wordCount":120,"image":{"@id":"https:\/\/nna-ccj.ca\/fr\/la-soiree-de-gala-aura-lieu-le-vendredi-22-mai-2\/#primaryimage"},"thumbnailUrl":"http:\/\/new.nna-ccj.ca\/wp-content\/uploads\/2015\/01\/strobel-emcee-269x300.png","articleSection":["Non classifi\u00e9(e)"],"inLanguage":"fr-FR"},{"@type":"WebPage","@id":"https:\/\/nna-ccj.ca\/fr\/la-soiree-de-gala-aura-lieu-le-vendredi-22-mai-2\/","url":"https:\/\/nna-ccj.ca\/fr\/la-soiree-de-gala-aura-lieu-le-vendredi-22-mai-2\/","name":"LA SOIR\u00c9E DE GALA AURA LIEU LE VENDREDI 22 MAI - National Newspaper Awards","isPartOf":{"@id":"https:\/\/nna-ccj.ca\/#website"},"primaryImageOfPage":{"@id":"https:\/\/nna-ccj.ca\/fr\/la-soiree-de-gala-aura-lieu-le-vendredi-22-mai-2\/#primaryimage"},"image":{"@id":"https:\/\/nna-ccj.ca\/fr\/la-soiree-de-gala-aura-lieu-le-vendredi-22-mai-2\/#primaryimage"},"thumbnailUrl":"http:\/\/new.nna-ccj.ca\/wp-content\/uploads\/2015\/01\/strobel-emcee-269x300.png","datePublished":"2015-04-26T12:51:26+00:00","dateModified":"2016-11-14T16:38:06+00:00","author":{"@id":"https:\/\/nna-ccj.ca\/#\/schema\/person\/fd4bd009f05d079936cd106274c167dd"},"breadcrumb":{"@id":"https:\/\/nna-ccj.ca\/fr\/la-soiree-de-gala-aura-lieu-le-vendredi-22-mai-2\/#breadcrumb"},"inLanguage":"fr-FR","potentialAction":[{"@type":"ReadAction","target":["https:\/\/nna-ccj.ca\/fr\/la-soiree-de-gala-aura-lieu-le-vendredi-22-mai-2\/"]}]},{"@type":"ImageObject","inLanguage":"fr-FR","@id":"https:\/\/nna-ccj.ca\/fr\/la-soiree-de-gala-aura-lieu-le-vendredi-22-mai-2\/#primaryimage","url":"http:\/\/new.nna-ccj.ca\/wp-content\/uploads\/2015\/01\/strobel-emcee-269x300.png","contentUrl":"http:\/\/new.nna-ccj.ca\/wp-content\/uploads\/2015\/01\/strobel-emcee-269x300.png"},{"@type":"BreadcrumbList","@id":"https:\/\/nna-ccj.ca\/fr\/la-soiree-de-gala-aura-lieu-le-vendredi-22-mai-2\/#breadcrumb","itemListElement":[{"@type":"ListItem","position":1,"name":"Home","item":"https:\/\/nna-ccj.ca\/fr\/"},{"@type":"ListItem","position":2,"name":"LA SOIR\u00c9E DE GALA AURA LIEU LE VENDREDI 22 MAI"}]},{"@type":"WebSite","@id":"https:\/\/nna-ccj.ca\/#website","url":"https:\/\/nna-ccj.ca\/","name":"National Newspaper Awards","description":"Honouring the best in Canadian Journalism since 1949","potentialAction":[{"@type":"SearchAction","target":{"@type":"EntryPoint","urlTemplate":"https:\/\/nna-ccj.ca\/?s={search_term_string}"},"query-input":{"@type":"PropertyValueSpecification","valueRequired":true,"valueName":"search_term_string"}}],"inLanguage":"fr-FR"},{"@type":"Person","@id":"https:\/\/nna-ccj.ca\/#\/schema\/person\/fd4bd009f05d079936cd106274c167dd","name":"Lauraine","image":{"@type":"ImageObject","inLanguage":"fr-FR","@id":"https:\/\/secure.gravatar.com\/avatar\/b398a677f911ffe2dfe8721f2960b0dcbb649978fb3fca3f92b996fb4084a412?s=96&d=mm&r=g","url":"https:\/\/secure.gravatar.com\/avatar\/b398a677f911ffe2dfe8721f2960b0dcbb649978fb3fca3f92b996fb4084a412?s=96&d=mm&r=g","contentUrl":"https:\/\/secure.gravatar.com\/avatar\/b398a677f911ffe2dfe8721f2960b0dcbb649978fb3fca3f92b996fb4084a412?s=96&d=mm&r=g","caption":"Lauraine"},"url":"https:\/\/nna-ccj.ca\/fr\/author\/lauraine\/"}]}},"jetpack_featured_media_url":"","jetpack_sharing_enabled":true,"_links":{"self":[{"href":"https:\/\/nna-ccj.ca\/fr\/wp-json\/wp\/v2\/posts\/3948","targetHints":{"allow":["GET"]}}],"collection":[{"href":"https:\/\/nna-ccj.ca\/fr\/wp-json\/wp\/v2\/posts"}],"about":[{"href":"https:\/\/nna-ccj.ca\/fr\/wp-json\/wp\/v2\/types\/post"}],"author":[{"embeddable":true,"href":"https:\/\/nna-ccj.ca\/fr\/wp-json\/wp\/v2\/users\/5"}],"replies":[{"embeddable":true,"href":"https:\/\/nna-ccj.ca\/fr\/wp-json\/wp\/v2\/comments?post=3948"}],"version-history":[{"count":1,"href":"https:\/\/nna-ccj.ca\/fr\/wp-json\/wp\/v2\/posts\/3948\/revisions"}],"predecessor-version":[{"id":4834,"href":"https:\/\/nna-ccj.ca\/fr\/wp-json\/wp\/v2\/posts\/3948\/revisions\/4834"}],"wp:attachment":[{"href":"https:\/\/nna-ccj.ca\/fr\/wp-json\/wp\/v2\/media?parent=3948"}],"wp:term":[{"taxonomy":"category","embeddable":true,"href":"https:\/\/nna-ccj.ca\/fr\/wp-json\/wp\/v2\/categories?post=3948"},{"taxonomy":"post_tag","embeddable":true,"href":"https:\/\/nna-ccj.ca\/fr\/wp-json\/wp\/v2\/tags?post=3948"}],"curies":[{"name":"wp","href":"https:\/\/api.w.org\/{rel}","templated":true}]}}