{"id":5025,"date":"2017-03-20T13:05:07","date_gmt":"2017-03-20T17:05:07","guid":{"rendered":"http:\/\/nna-ccj.ca\/?p=5025\/"},"modified":"2017-03-20T19:42:43","modified_gmt":"2017-03-20T23:42:43","slug":"nominations-pour-le-68e-concours-canadien-de-journalisme","status":"publish","type":"post","link":"https:\/\/nna-ccj.ca\/fr\/nominations-pour-le-68e-concours-canadien-de-journalisme\/","title":{"rendered":"Nominations pour le 68e Concours canadien de journalisme"},"content":{"rendered":"<p>TORONTO, le 20 mars 2017 \u2013 Le Globe and Mail de Toronto vient en t\u00eate des candidatures du 68<sup>e<\/sup> Concours canadien de journalisme avec 19 nominations.<\/p>\n<p>&nbsp;<\/p>\n<p>La Presse de Montr\u00e9al compte neuf finalistes, le Toronto Star huit, La Presse Canadienne cinq et le Saskatoon StarPhoenix et le Winnipeg Free Press trois chacun pour le concours qui est ouvert aux quotidiens, agences de presse, de m\u00eame qu\u2019aux sites de nouvelles en ligne dont la candidature est approuv\u00e9e par le conseil des gouverneurs du CCJ.<\/p>\n<p>&nbsp;<\/p>\n<p>Parmi les autres organisations qui ont obtenu plusieurs nominations, il y a le National Post, Le Droit, le Toronto Sun et les Calgary Herald\/Calgary Sun avec deux chacun.<\/p>\n<p>&nbsp;<\/p>\n<p>Quinze autres organisations ont obtenu une nomination chacune.<\/p>\n<p>&nbsp;<\/p>\n<p>Il y a un total de 70 finalistes dans 21 cat\u00e9gories, s\u00e9lectionn\u00e9s \u00e0 partir de 959 candidatures pour du travail publi\u00e9 en 2016. Sur les 54 journaux, agences de presse et sites en ligne qui ont soumis des candidatures, on en compte 25 qui figurent parmi les finalistes.<\/p>\n<p>&nbsp;<\/p>\n<p>On annoncera les laur\u00e9ats au cours d\u2019une c\u00e9r\u00e9monie de remise des prix \u00e0 Toronto le vendredi 5 mai. Les gagnants recevront un ch\u00e8que de 1000\u00a0$ et un certificat. Les autres finalistes recevront une mention d\u2019honneur.<\/p>\n<p>&nbsp;<\/p>\n<p>Un comit\u00e9 d\u2019anciens laur\u00e9ats choisira le Journaliste de l\u2019ann\u00e9e parmi les gagnants de cette ann\u00e9e. Son nom sera annonc\u00e9 au gala apr\u00e8s que les prix de toutes les cat\u00e9gories auront \u00e9t\u00e9 d\u00e9cern\u00e9s. Le Journaliste de l\u2019ann\u00e9e re\u00e7oit 2500\u00a0$.<\/p>\n<p>&nbsp;<\/p>\n<p>Il s\u2019agit de la 68<sup>e<\/sup> ann\u00e9e du programme de prix et de la 28<sup>e<\/sup> ann\u00e9e en vertu de la pr\u00e9sente structure administrative.<\/p>\n<p>&nbsp;<\/p>\n<p><strong>Les faits saillants des nominations de cette ann\u00e9e\u00a0:<\/strong><\/p>\n<p>&nbsp;<\/p>\n<ul>\n<li>Il y a 32 finalistes qui le sont pour la premi\u00e8re fois. Sept des dix provinces sont repr\u00e9sent\u00e9es dans les nominations.<\/li>\n<li>Isabelle Hachey de La Presse est finaliste dans trois cat\u00e9gories\u00a0: international, grande enqu\u00eate et reportage \u00e9labor\u00e9.<\/li>\n<li>Mark MacKinnon du Globe and Mail est double finaliste pour l\u2019international et l\u2019\u00e9conomie. Il est finaliste pour les 10<sup>e<\/sup> et 11<sup>e<\/sup> fois. Il a remport\u00e9 la palme au CCJ \u00e0 cinq reprises.<\/li>\n<li>Randy Turner du Winnipeg Free Press est aussi double finaliste, pour le sport et la culture.<\/li>\n<li>Grant Robertson du Globe and Mail, en nomination pour le texte explicatif, est finaliste pour la 10<sup>e<\/sup> fois et a d\u00e9j\u00e0 remport\u00e9 cinq prix.<\/li>\n<li>Mark MacKinnon du Globe and Mail est finaliste pour une quatri\u00e8me ann\u00e9e cons\u00e9cutive.<\/li>\n<li>Melissa Martin et Randy Turner du Winnipeg Free Press sont finalistes pour une deuxi\u00e8me ann\u00e9e cons\u00e9cutive.<\/li>\n<li>Brian Gable du Globe and Mail, en nomination pour la caricature, est finaliste pour une 16<sup>e<\/sup> fois. Il a d\u00e9j\u00e0 remport\u00e9 la palme \u00e0 six reprises.<\/li>\n<\/ul>\n<p><strong>\u00a0<\/strong><\/p>\n<p><strong>Les finalistes\u00a0:<\/strong><\/p>\n<p>&nbsp;<\/p>\n<p><strong>Culture<\/strong><\/p>\n<ul>\n<li>Randy Turner et John Woods, Winnipeg Free Press, pour leur couverture du mouvement de l\u2019art inuit et du projet de centre d\u2019art inuit.<\/li>\n<li>Murray Whyte, Toronto Star, pour la couverture de Wanda Nanibush, la premi\u00e8re conservatrice d\u2019art indig\u00e8ne au Mus\u00e9e des beaux-arts de l\u2019Ontario et la couverture de la com\u00e9die musicale canadienne \u00abCome From Away\u00bb.<\/li>\n<li>Sylvie St-Jacques, La Presse, pour sa couverture d\u2019un camp musical et de son impact sur des r\u00e9fugi\u00e9s syriens nouvellement arriv\u00e9s.<\/li>\n<\/ul>\n<p>&nbsp;<\/p>\n<p><strong>Journalisme sp\u00e9cialis\u00e9<\/strong><\/p>\n<ul>\n<li>Theresa Boyle, Toronto Star, pour la couverture des questions de sant\u00e9.<\/li>\n<li>Patrick White, Globe and Mail, pour la couverture des prisons au Canada.<\/li>\n<li>Charles Hamilton, Saskatoon StarPhoenix, pour la couverture du crime et de la justice.<\/li>\n<li>Sara Mojtehedzadeh, Toronto Star, pour la couverture du secteur du travail.<\/li>\n<\/ul>\n<p>&nbsp;<\/p>\n<p><strong>Nouvelles de derni\u00e8re heure<\/strong><\/p>\n<ul>\n<li>Le Saskatoon StarPhoenix pour la couverture de la fusillade \u00e0 l\u2019\u00e9cole de La Loche.<\/li>\n<li>Les Edmonton Journal\/Edmonton Sun\/Fort McMurray Today pour la couverture du feu de for\u00eat et de l\u2019\u00e9vacuation \u00e0 Fort McMurray.<\/li>\n<li>La Presse pour la couverture de l\u2019explosion d\u2019un camion transportant 45\u00a0000 litres de di\u00e9sel sur l\u2019autoroute m\u00e9tropolitaine \u00e0 l\u2019heure de pointe.<\/li>\n<li>Les Metro Calgary\/Metro Edmonton pour la couverture du feu de for\u00eat et de l\u2019\u00e9vacuation \u00e0 Fort McMurray.<\/li>\n<\/ul>\n<p>&nbsp;<\/p>\n<p><strong>\u00c9conomie<\/strong><\/p>\n<ul>\n<li>Mark MacKinnon, Globe and Mail, pour un article sur la fa\u00e7on dont Bombardier fait des affaires dans un march\u00e9 v\u00e9reux comme celui de la Russie.<\/li>\n<li>Marina Strauss, Globe and Mail, pour un aper\u00e7u des changements rapides et importants du secteur de la vente au d\u00e9tail.<\/li>\n<li>Bruce Livesey, National Observer, pour la couverture de la pr\u00e9dominance de la famille Irving au Nouveau-Brunswick.<\/li>\n<\/ul>\n<p>&nbsp;<\/p>\n<p><strong>Chronique<\/strong><\/p>\n<ul>\n<li>St\u00e9phanie Grammond, La Presse, pour des chroniques de finances personnelles sur les pharmacies, les banques et les entreprises pharmaceutiques.<\/li>\n<li>Melissa Martin, Winnipeg Free Press, pour des chroniques sur Gord Downie, le droit de mourir et les d\u00e9fil\u00e9s de la Fiert\u00e9 gaie dans les petites villes.<\/li>\n<li>Doug Saunders, Globe and Mail, pour des chroniques sur la propri\u00e9t\u00e9 d\u2019armes \u00e0 feu, les crimes de nature sexuelle en Su\u00e8de et l\u2019intimidation \u00e0 l\u2019\u00e9cole.<\/li>\n<li>Dawn Dumont, Saskatoon StarPhoenix, pour un commentaire portant sur la perspective d\u2019une autochtone fi\u00e8re de ses origines.<\/li>\n<\/ul>\n<p>&nbsp;<\/p>\n<p><strong>Caricature<\/strong><\/p>\n<ul>\n<li>Brian Gable, Globe and Mail<\/li>\n<li>Guy Badeaux, Le Droit<\/li>\n<li>David Parkins, Globe and Mail<\/li>\n<\/ul>\n<p>&nbsp;<\/p>\n<p><strong>\u00c9ditorial<\/strong><\/p>\n<ul>\n<li>Ariane Krol, La Presse<\/li>\n<li>Tony Keller, Globe and Mail<\/li>\n<li>Jordan Himelfarb, Toronto Star<\/li>\n<\/ul>\n<p>&nbsp;<\/p>\n<p><strong>Texte explicatif<\/strong><\/p>\n<ul>\n<li>Ann Hui, Globe and Mail, pour l\u2019examen du traitement des poules et du r\u00e9sultat sur la qualit\u00e9 des \u0153ufs.<\/li>\n<li>Steve Buist, Hamilton Spectator, pour avoir expliqu\u00e9 comment l\u2019immunoth\u00e9rapie offre le plus d\u2019espoir pour contr\u00f4ler le cancer.<\/li>\n<li>Grant Robertson et Karen Howlett, Globe and Mail, pour leur reportage sur la crise mortelle des opio\u00efdes.<\/li>\n<li>Anne Jarvis et Dave Battagello, Windsor Star, pour leur reportage sur le pont international Gordie-Howe, attendu depuis longtemps pour relier Windsor et Detroit.<\/li>\n<\/ul>\n<p>&nbsp;<\/p>\n<p><strong>Photographie de reportage<\/strong><\/p>\n<ul>\n<li>Dario Ayala, Montreal Gazette, pour la photo d\u2019un moment romantique sous une averse estivale.<\/li>\n<li>Leah Hennel, Calgary Herald\/Calgary Sun, pour la photo d\u2019un cavalier chevauchant dans la prairie.<\/li>\n<li>Andrew Vaughan, La Presse Canadienne, pour une photo de surf hivernal.<\/li>\n<\/ul>\n<p><strong>\u00a0<\/strong><\/p>\n<p><strong>International<\/strong><\/p>\n<ul>\n<li>Mark MacKinnon, Globe and Mail, pour des reportages sur la Syrie, Brexit et la Turquie.<\/li>\n<li>Isabelle Hachey, La Presse, pour la couverture de l\u2019offensive des grandes soci\u00e9t\u00e9s de tabac en Malaisie, au Kenya et dans d\u2019autres pays pauvres.<\/li>\n<li>Richard Warnica, National Post, pour la couverture de la course \u00e0 la pr\u00e9sidence am\u00e9ricaine.<\/li>\n<\/ul>\n<p>&nbsp;<\/p>\n<p><strong>Grande enqu\u00eate<\/strong><\/p>\n<ul>\n<li>Isabelle Hachey, La Presse, pour la couverture de l\u2019essor de l\u2019industrie du \u00abvolontourisme\u00bb au Cambodge et des faux orphelinats qui l\u2019alimentent.<\/li>\n<li>Kathy Tomlinson, Globe and Mail, pour son expos\u00e9 des pratiques crapuleuses \u00e0 l\u2019origine du boom immobilier dans le Lower Mainland de la Colombie-Britannique.<\/li>\n<li>David Bruser et Jayme Poisson, Toronto Star, pour leur s\u00e9rie sur les 50 ann\u00e9es de pollution au mercure dans le nord de l\u2019Ontario.<\/li>\n<li>Randy Richmond, London Free Press, pour la couverture de l\u2019indiff\u00e9rence d\u00e9lib\u00e9r\u00e9e qui a men\u00e9 au d\u00e9c\u00e8s d\u2019un prisonnier trouv\u00e9 inconscient sur le plancher d\u2019une cellule dans un poste de police.<\/li>\n<\/ul>\n<p>&nbsp;<\/p>\n<p><strong>Reportage \u00e0 caract\u00e8re local<\/strong><\/p>\n<ul>\n<li>Une \u00e9quipe du New Brunswick Telegraph-Journal pour la couverture de profondeur d\u2019une journ\u00e9e dans la vie, l\u2019histoire et l\u2019\u00e9conomie d\u2019une partie importante de la communaut\u00e9.<\/li>\n<li>Joe Fries, Penticton Herald, pour la couverture de la fa\u00e7on dont les institutions gouvernementales r\u00e9pondent aux requ\u00eates d\u2019acc\u00e8s \u00e0 l\u2019information.<\/li>\n<li>Paul Schliesmann, Kingston Whig-Standard, pour un reportage sur la situation des gens marginalis\u00e9s et de leurs conditions de vie d\u00e9plorables.<\/li>\n<li>Justine Mercier, Le Droit, pour l\u2019histoire triste et choquante du cheminement d\u2019une famille \u00e0 travers le syst\u00e8me de soins de sant\u00e9.<\/li>\n<\/ul>\n<p>&nbsp;<\/p>\n<p><strong>Reportage \u00e9labor\u00e9<\/strong><\/p>\n<ul>\n<li>Christina Frangou, Globe and Mail, pour un article bouleversant et parfois troublant sur la vie d\u2019une jeune veuve \u00e0 la suite du d\u00e9c\u00e8s de son mari.<\/li>\n<li>Amy Dempsey, Toronto Star, pour le reportage sur une erreur judiciaire \u00e0 la suite de laquelle un Canadien souffrant de troubles mentaux s\u2019est retrouv\u00e9 dans l\u2019une des pires prisons am\u00e9ricaines.<\/li>\n<li>Isabelle Hachey, La Presse, pour l\u2019histoire du cauchemar d\u2019une femme qui a pass\u00e9 quatre ans aux prises avec un imposteur.<\/li>\n<\/ul>\n<p>&nbsp;<\/p>\n<p><strong>Photo de reportage d\u2019actualit\u00e9<\/strong><\/p>\n<ul>\n<li>Nathan Denette, La Presse Canadienne, pour une photo du premier ministre Justin Trudeau agitant un drapeau durant le d\u00e9fil\u00e9 de la Fiert\u00e9 gaie.<\/li>\n<li>Jason Franson, La Presse Canadienne, pour son clich\u00e9 de policiers dirigeant la circulation lors du feu de for\u00eat \u00e0 Fort McMurray.<\/li>\n<li>Veronica Henri, Toronto Sun, pour une photo montrant le jeune fils de Rob Ford, huit ans, tenant une affiche \u00e0 la porte de sa r\u00e9sidence.<\/li>\n<\/ul>\n<p>&nbsp;<\/p>\n<p><strong>Photographie d\u2019actualit\u00e9<\/strong><\/p>\n<ul>\n<li>Mark Blinch, Reuters, pour une photo d\u2019une manifestante aux seins nus d\u00e9tenue alors qu\u2019elle protestait contre le verdict de non-culpabilit\u00e9 rendu en faveur de l\u2019animateur de radio Jian Ghomeshi.<\/li>\n<li>Stan Behal, Toronto Sun, pour la photo d\u2019un p\u00e8re pleurant sa fille d\u00e9c\u00e9d\u00e9e dans un accident d\u2019automobile.<\/li>\n<li>Amber Bracken, Globe and Mail, pour une photo d\u2019un homme trait\u00e9 au lait de magn\u00e9sie apr\u00e8s avoir \u00e9t\u00e9 asperg\u00e9 de gaz poivr\u00e9.<\/li>\n<\/ul>\n<p>&nbsp;<\/p>\n<p><strong>Politique<\/strong><\/p>\n<ul>\n<li>Paula Simons, Edmonton Journal\/Edmonton Sun, pour son enqu\u00eate sur le d\u00e9c\u00e8s d\u2019un jeune Autochtone de quatre ans plac\u00e9 en famille d\u2019accueil.<\/li>\n<li>Steven Chase, Globe and Mail, pour la couverture de la vente de v\u00e9hicules d\u2019assaut blind\u00e9s pour 15 milliards\u00a0$ \u00e0 l\u2019Arabie saoudite.<\/li>\n<li>Une \u00e9quipe du Globe and Mail pour la couverture des lev\u00e9es de fonds donnant aux lobbyistes acc\u00e8s aux politiciens lib\u00e9raux.<\/li>\n<\/ul>\n<p><strong>\u00a0<\/strong><\/p>\n<p><strong>Pr\u00e9sentation <\/strong><\/p>\n<ul>\n<li>Christopher Manza, Globe and Mail, pour la r\u00e9alisation de mises en forme d\u2019articles sp\u00e9cifiquement con\u00e7ues pour les plateformes num\u00e9riques.<\/li>\n<li>Philippe Teisceira-Lessard, Louis-Samuel Perron, Sophie Allard, V\u00e9ronique Beaudet et Francis Auger, La Presse, pour leur pr\u00e9sentation visuelle de l\u2019attaque terroriste \u00e0 Nice.<\/li>\n<li>Une \u00e9quipe du Globe and Mail pour la description visuelle de l\u2019incendie de Fort McMurray.<\/li>\n<\/ul>\n<p>&nbsp;<\/p>\n<p><strong>Projet de l\u2019ann\u00e9e<\/strong><\/p>\n<ul>\n<li>Sarah Petrescu, Katie DeRosa et Louise Dickson, Victoria Times Colonist, pour une s\u00e9rie de cinq jours sur une crise de surdose.<\/li>\n<li>Une \u00e9quipe du Globe and Mail pour des articles sur des soldats et anciens combattants qui se sont suicid\u00e9s apr\u00e8s avoir servi en Afghanistan.<\/li>\n<li>Kristy Kirkup et Sheryl Ubelacker, La Presse Canadienne, pour des articles sur l\u2019impact \u00e9motionnel et physique ressenti par des autochtones victimes d\u2019agressions sexuelles.<\/li>\n<\/ul>\n<p>&nbsp;<\/p>\n<p><strong>Reportage bref<\/strong><\/p>\n<ul>\n<li>Lori Culbert, Vancouver Sun\/The Province, pour un article sur une famille de randonneurs empruntant un nouveau sentier apr\u00e8s un accident tragique.<\/li>\n<li>Andrew Cohen, Ottawa Citizen\/Ottawa Sun, pour un t\u00e9moignage sur le d\u00e9c\u00e8s de son cousin, le l\u00e9gendaire chanteur canadien Leonard Cohen.<\/li>\n<li>Hugo Pilon-Larose, La Presse, pour un article sur l\u2019agression sexuelle subie par un jeune gar\u00e7on aux mains du cin\u00e9aste Claude Jutra.<\/li>\n<\/ul>\n<p>&nbsp;<\/p>\n<p><strong>Sport<\/strong><\/p>\n<ul>\n<li>Mary Ormsby et Paul Hunter, Toronto Star, pour une s\u00e9rie sur les dangers de la boxe et ses tristes s\u00e9quelles<\/li>\n<li>Marty Klinkenberg, Globe and Mail, pour un portrait du premier joueur autochtone de la LNH.<\/li>\n<li>Joe O\u2019Connor, National Post, pour des articles sur l\u2019\u00e9levage des chevaux, un ultra marathonien et des parents impliqu\u00e9s dans le hockey.<\/li>\n<li>Randy Turner, Winnipeg Free Press, pour un article sur les stades des petites villes et ce qu\u2019ils repr\u00e9sentent pour leurs communaut\u00e9s.<\/li>\n<\/ul>\n<p>&nbsp;<\/p>\n<p><strong>Photographie de sport<\/strong><\/p>\n<ul>\n<li>Lucas Oleniuk, Toronto Star, pour un clich\u00e9 d\u2019un triomphe personnel \u00e0 la ligne d\u2019arriv\u00e9e au terme d\u2019une \u00e9preuve olympique.<\/li>\n<li>Darryl Dyck, La Presse Canadienne, pour une photo montrant un geste effr\u00e9n\u00e9 de la main aupr\u00e8s d\u2019un ballon de soccer.<\/li>\n<li>Leah Hennel, Calgary Herald\/Calgary Sun, pour la photo d\u2019un cowboy d\u00e9sar\u00e7onn\u00e9 dans la boue lors d\u2019un rod\u00e9o.<\/li>\n<\/ul>\n<p>&nbsp;<\/p>\n<p>On peut consulter les candidatures mises en nomination sur le site web du CCJ \u00e0 <u>nna-ccj.ca<\/u><\/p>\n<p>Le lien vers les candidatures se trouve sur le c\u00f4t\u00e9 droit de la page d\u2019accueil, juste sous la photo du Journaliste de l\u2019ann\u00e9e 2015.<\/p>\n<p>&nbsp;<\/p>\n<p>&nbsp;<\/p>\n<p>Pour plus d\u2019information, communiquez avec\u00a0:<\/p>\n<p>Raymond Brassard<\/p>\n<p>Consultant de r\u00e9daction<\/p>\n<p>Concours canadien de journalisme<\/p>\n<p>editorial@nna-ccj.ca<\/p>\n<p>&#8212;&#8212;&#8212;&#8212;&#8212;&#8212;&#8212;&#8212;&#8212;&#8212;&#8212;&#8212;&#8212;&#8212;&#8212;&#8212;&#8212;&#8212;&#8212;&#8212;&#8212;&#8212;&#8212;&#8212;&#8212;&#8212;&#8212;&#8212;&#8212;&#8212;-<\/p>\n<p>&nbsp;<\/p>\n<p><em>Nos remerciements au Groupe CNW pour la commandite de ce communiqu\u00e9. <\/em><\/p>\n<p>&nbsp;<\/p>\n<p><em>.<\/em><\/p>\n<p>&nbsp;<\/p>\n","protected":false},"excerpt":{"rendered":"<p>TORONTO, le 20 mars 2017 \u2013 Le Globe and Mail de Toronto vient en t\u00eate des candidatures du 68e Concours canadien de journalisme avec 19 nominations.<span class=\"excerpt-hellip\"> [\u2026]<\/span><\/p>\n","protected":false},"author":5,"featured_media":0,"comment_status":"closed","ping_status":"closed","sticky":false,"template":"","format":"standard","meta":{"_jetpack_memberships_contains_paid_content":false,"footnotes":""},"categories":[2],"tags":[],"class_list":["post-5025","post","type-post","status-publish","format-standard","hentry","category-non-classifiee"],"yoast_head":"<!-- This site is optimized with the Yoast SEO plugin v27.5 - https:\/\/yoast.com\/product\/yoast-seo-wordpress\/ -->\n<title>Nominations pour le 68e Concours canadien de journalisme - National Newspaper Awards<\/title>\n<meta name=\"robots\" content=\"index, follow, max-snippet:-1, max-image-preview:large, max-video-preview:-1\" \/>\n<link rel=\"canonical\" href=\"https:\/\/nna-ccj.ca\/fr\/nominations-pour-le-68e-concours-canadien-de-journalisme\/\" \/>\n<meta property=\"og:locale\" content=\"fr_FR\" \/>\n<meta property=\"og:type\" content=\"article\" \/>\n<meta property=\"og:title\" content=\"Nominations pour le 68e Concours canadien de journalisme - National Newspaper Awards\" \/>\n<meta property=\"og:description\" content=\"TORONTO, le 20 mars 2017 \u2013 Le Globe and Mail de Toronto vient en t\u00eate des candidatures du 68e Concours canadien de journalisme avec 19 nominations. [\u2026]\" \/>\n<meta property=\"og:url\" content=\"https:\/\/nna-ccj.ca\/fr\/nominations-pour-le-68e-concours-canadien-de-journalisme\/\" \/>\n<meta property=\"og:site_name\" content=\"National Newspaper Awards\" \/>\n<meta property=\"article:published_time\" content=\"2017-03-20T17:05:07+00:00\" \/>\n<meta property=\"article:modified_time\" content=\"2017-03-20T23:42:43+00:00\" \/>\n<meta name=\"author\" content=\"Lauraine\" \/>\n<meta name=\"twitter:card\" content=\"summary_large_image\" \/>\n<meta name=\"twitter:label1\" content=\"\u00c9crit par\" \/>\n\t<meta name=\"twitter:data1\" content=\"Lauraine\" \/>\n\t<meta name=\"twitter:label2\" content=\"Dur\u00e9e de lecture estim\u00e9e\" \/>\n\t<meta name=\"twitter:data2\" content=\"10 minutes\" \/>\n<script type=\"application\/ld+json\" class=\"yoast-schema-graph\">{\"@context\":\"https:\\\/\\\/schema.org\",\"@graph\":[{\"@type\":\"Article\",\"@id\":\"https:\\\/\\\/nna-ccj.ca\\\/fr\\\/nominations-pour-le-68e-concours-canadien-de-journalisme\\\/#article\",\"isPartOf\":{\"@id\":\"https:\\\/\\\/nna-ccj.ca\\\/fr\\\/nominations-pour-le-68e-concours-canadien-de-journalisme\\\/\"},\"author\":{\"name\":\"Lauraine\",\"@id\":\"https:\\\/\\\/nna-ccj.ca\\\/#\\\/schema\\\/person\\\/fd4bd009f05d079936cd106274c167dd\"},\"headline\":\"Nominations pour le 68e Concours canadien de journalisme\",\"datePublished\":\"2017-03-20T17:05:07+00:00\",\"dateModified\":\"2017-03-20T23:42:43+00:00\",\"mainEntityOfPage\":{\"@id\":\"https:\\\/\\\/nna-ccj.ca\\\/fr\\\/nominations-pour-le-68e-concours-canadien-de-journalisme\\\/\"},\"wordCount\":2094,\"articleSection\":[\"Non classifi\u00e9(e)\"],\"inLanguage\":\"fr-FR\"},{\"@type\":\"WebPage\",\"@id\":\"https:\\\/\\\/nna-ccj.ca\\\/fr\\\/nominations-pour-le-68e-concours-canadien-de-journalisme\\\/\",\"url\":\"https:\\\/\\\/nna-ccj.ca\\\/fr\\\/nominations-pour-le-68e-concours-canadien-de-journalisme\\\/\",\"name\":\"Nominations pour le 68e Concours canadien de journalisme - National Newspaper Awards\",\"isPartOf\":{\"@id\":\"https:\\\/\\\/nna-ccj.ca\\\/#website\"},\"datePublished\":\"2017-03-20T17:05:07+00:00\",\"dateModified\":\"2017-03-20T23:42:43+00:00\",\"author\":{\"@id\":\"https:\\\/\\\/nna-ccj.ca\\\/#\\\/schema\\\/person\\\/fd4bd009f05d079936cd106274c167dd\"},\"breadcrumb\":{\"@id\":\"https:\\\/\\\/nna-ccj.ca\\\/fr\\\/nominations-pour-le-68e-concours-canadien-de-journalisme\\\/#breadcrumb\"},\"inLanguage\":\"fr-FR\",\"potentialAction\":[{\"@type\":\"ReadAction\",\"target\":[\"https:\\\/\\\/nna-ccj.ca\\\/fr\\\/nominations-pour-le-68e-concours-canadien-de-journalisme\\\/\"]}]},{\"@type\":\"BreadcrumbList\",\"@id\":\"https:\\\/\\\/nna-ccj.ca\\\/fr\\\/nominations-pour-le-68e-concours-canadien-de-journalisme\\\/#breadcrumb\",\"itemListElement\":[{\"@type\":\"ListItem\",\"position\":1,\"name\":\"Home\",\"item\":\"https:\\\/\\\/nna-ccj.ca\\\/fr\\\/\"},{\"@type\":\"ListItem\",\"position\":2,\"name\":\"Nominations pour le 68e Concours canadien de journalisme\"}]},{\"@type\":\"WebSite\",\"@id\":\"https:\\\/\\\/nna-ccj.ca\\\/#website\",\"url\":\"https:\\\/\\\/nna-ccj.ca\\\/\",\"name\":\"National Newspaper Awards\",\"description\":\"Honouring the best in Canadian Journalism since 1949\",\"potentialAction\":[{\"@type\":\"SearchAction\",\"target\":{\"@type\":\"EntryPoint\",\"urlTemplate\":\"https:\\\/\\\/nna-ccj.ca\\\/?s={search_term_string}\"},\"query-input\":{\"@type\":\"PropertyValueSpecification\",\"valueRequired\":true,\"valueName\":\"search_term_string\"}}],\"inLanguage\":\"fr-FR\"},{\"@type\":\"Person\",\"@id\":\"https:\\\/\\\/nna-ccj.ca\\\/#\\\/schema\\\/person\\\/fd4bd009f05d079936cd106274c167dd\",\"name\":\"Lauraine\",\"image\":{\"@type\":\"ImageObject\",\"inLanguage\":\"fr-FR\",\"@id\":\"https:\\\/\\\/secure.gravatar.com\\\/avatar\\\/b398a677f911ffe2dfe8721f2960b0dcbb649978fb3fca3f92b996fb4084a412?s=96&d=mm&r=g\",\"url\":\"https:\\\/\\\/secure.gravatar.com\\\/avatar\\\/b398a677f911ffe2dfe8721f2960b0dcbb649978fb3fca3f92b996fb4084a412?s=96&d=mm&r=g\",\"contentUrl\":\"https:\\\/\\\/secure.gravatar.com\\\/avatar\\\/b398a677f911ffe2dfe8721f2960b0dcbb649978fb3fca3f92b996fb4084a412?s=96&d=mm&r=g\",\"caption\":\"Lauraine\"},\"url\":\"https:\\\/\\\/nna-ccj.ca\\\/fr\\\/author\\\/lauraine\\\/\"}]}<\/script>\n<!-- \/ Yoast SEO plugin. -->","yoast_head_json":{"title":"Nominations pour le 68e Concours canadien de journalisme - National Newspaper Awards","robots":{"index":"index","follow":"follow","max-snippet":"max-snippet:-1","max-image-preview":"max-image-preview:large","max-video-preview":"max-video-preview:-1"},"canonical":"https:\/\/nna-ccj.ca\/fr\/nominations-pour-le-68e-concours-canadien-de-journalisme\/","og_locale":"fr_FR","og_type":"article","og_title":"Nominations pour le 68e Concours canadien de journalisme - National Newspaper Awards","og_description":"TORONTO, le 20 mars 2017 \u2013 Le Globe and Mail de Toronto vient en t\u00eate des candidatures du 68e Concours canadien de journalisme avec 19 nominations. [\u2026]","og_url":"https:\/\/nna-ccj.ca\/fr\/nominations-pour-le-68e-concours-canadien-de-journalisme\/","og_site_name":"National Newspaper Awards","article_published_time":"2017-03-20T17:05:07+00:00","article_modified_time":"2017-03-20T23:42:43+00:00","author":"Lauraine","twitter_card":"summary_large_image","twitter_misc":{"\u00c9crit par":"Lauraine","Dur\u00e9e de lecture estim\u00e9e":"10 minutes"},"schema":{"@context":"https:\/\/schema.org","@graph":[{"@type":"Article","@id":"https:\/\/nna-ccj.ca\/fr\/nominations-pour-le-68e-concours-canadien-de-journalisme\/#article","isPartOf":{"@id":"https:\/\/nna-ccj.ca\/fr\/nominations-pour-le-68e-concours-canadien-de-journalisme\/"},"author":{"name":"Lauraine","@id":"https:\/\/nna-ccj.ca\/#\/schema\/person\/fd4bd009f05d079936cd106274c167dd"},"headline":"Nominations pour le 68e Concours canadien de journalisme","datePublished":"2017-03-20T17:05:07+00:00","dateModified":"2017-03-20T23:42:43+00:00","mainEntityOfPage":{"@id":"https:\/\/nna-ccj.ca\/fr\/nominations-pour-le-68e-concours-canadien-de-journalisme\/"},"wordCount":2094,"articleSection":["Non classifi\u00e9(e)"],"inLanguage":"fr-FR"},{"@type":"WebPage","@id":"https:\/\/nna-ccj.ca\/fr\/nominations-pour-le-68e-concours-canadien-de-journalisme\/","url":"https:\/\/nna-ccj.ca\/fr\/nominations-pour-le-68e-concours-canadien-de-journalisme\/","name":"Nominations pour le 68e Concours canadien de journalisme - National Newspaper Awards","isPartOf":{"@id":"https:\/\/nna-ccj.ca\/#website"},"datePublished":"2017-03-20T17:05:07+00:00","dateModified":"2017-03-20T23:42:43+00:00","author":{"@id":"https:\/\/nna-ccj.ca\/#\/schema\/person\/fd4bd009f05d079936cd106274c167dd"},"breadcrumb":{"@id":"https:\/\/nna-ccj.ca\/fr\/nominations-pour-le-68e-concours-canadien-de-journalisme\/#breadcrumb"},"inLanguage":"fr-FR","potentialAction":[{"@type":"ReadAction","target":["https:\/\/nna-ccj.ca\/fr\/nominations-pour-le-68e-concours-canadien-de-journalisme\/"]}]},{"@type":"BreadcrumbList","@id":"https:\/\/nna-ccj.ca\/fr\/nominations-pour-le-68e-concours-canadien-de-journalisme\/#breadcrumb","itemListElement":[{"@type":"ListItem","position":1,"name":"Home","item":"https:\/\/nna-ccj.ca\/fr\/"},{"@type":"ListItem","position":2,"name":"Nominations pour le 68e Concours canadien de journalisme"}]},{"@type":"WebSite","@id":"https:\/\/nna-ccj.ca\/#website","url":"https:\/\/nna-ccj.ca\/","name":"National Newspaper Awards","description":"Honouring the best in Canadian Journalism since 1949","potentialAction":[{"@type":"SearchAction","target":{"@type":"EntryPoint","urlTemplate":"https:\/\/nna-ccj.ca\/?s={search_term_string}"},"query-input":{"@type":"PropertyValueSpecification","valueRequired":true,"valueName":"search_term_string"}}],"inLanguage":"fr-FR"},{"@type":"Person","@id":"https:\/\/nna-ccj.ca\/#\/schema\/person\/fd4bd009f05d079936cd106274c167dd","name":"Lauraine","image":{"@type":"ImageObject","inLanguage":"fr-FR","@id":"https:\/\/secure.gravatar.com\/avatar\/b398a677f911ffe2dfe8721f2960b0dcbb649978fb3fca3f92b996fb4084a412?s=96&d=mm&r=g","url":"https:\/\/secure.gravatar.com\/avatar\/b398a677f911ffe2dfe8721f2960b0dcbb649978fb3fca3f92b996fb4084a412?s=96&d=mm&r=g","contentUrl":"https:\/\/secure.gravatar.com\/avatar\/b398a677f911ffe2dfe8721f2960b0dcbb649978fb3fca3f92b996fb4084a412?s=96&d=mm&r=g","caption":"Lauraine"},"url":"https:\/\/nna-ccj.ca\/fr\/author\/lauraine\/"}]}},"jetpack_featured_media_url":"","jetpack_sharing_enabled":true,"_links":{"self":[{"href":"https:\/\/nna-ccj.ca\/fr\/wp-json\/wp\/v2\/posts\/5025","targetHints":{"allow":["GET"]}}],"collection":[{"href":"https:\/\/nna-ccj.ca\/fr\/wp-json\/wp\/v2\/posts"}],"about":[{"href":"https:\/\/nna-ccj.ca\/fr\/wp-json\/wp\/v2\/types\/post"}],"author":[{"embeddable":true,"href":"https:\/\/nna-ccj.ca\/fr\/wp-json\/wp\/v2\/users\/5"}],"replies":[{"embeddable":true,"href":"https:\/\/nna-ccj.ca\/fr\/wp-json\/wp\/v2\/comments?post=5025"}],"version-history":[{"count":2,"href":"https:\/\/nna-ccj.ca\/fr\/wp-json\/wp\/v2\/posts\/5025\/revisions"}],"predecessor-version":[{"id":5031,"href":"https:\/\/nna-ccj.ca\/fr\/wp-json\/wp\/v2\/posts\/5025\/revisions\/5031"}],"wp:attachment":[{"href":"https:\/\/nna-ccj.ca\/fr\/wp-json\/wp\/v2\/media?parent=5025"}],"wp:term":[{"taxonomy":"category","embeddable":true,"href":"https:\/\/nna-ccj.ca\/fr\/wp-json\/wp\/v2\/categories?post=5025"},{"taxonomy":"post_tag","embeddable":true,"href":"https:\/\/nna-ccj.ca\/fr\/wp-json\/wp\/v2\/tags?post=5025"}],"curies":[{"name":"wp","href":"https:\/\/api.w.org\/{rel}","templated":true}]}}