{"id":5607,"date":"2020-03-17T13:06:09","date_gmt":"2020-03-17T17:06:09","guid":{"rendered":"http:\/\/nna-ccj.ca\/?p=5607"},"modified":"2020-03-22T12:05:49","modified_gmt":"2020-03-22T16:05:49","slug":"les-nominations-sont-devoilees-pour-le-71e-concours-canadien-de-journalisme","status":"publish","type":"post","link":"https:\/\/nna-ccj.ca\/fr\/les-nominations-sont-devoilees-pour-le-71e-concours-canadien-de-journalisme\/","title":{"rendered":"Les nominations sont d\u00e9voil\u00e9es pour le 71e Concours canadien de journalisme"},"content":{"rendered":"<p><span style=\"color: #000000;\"><strong>Les nominations sont d\u00e9voil\u00e9es pour le 71<sup>e<\/sup> Concours canadien de journalisme <\/strong><\/span><\/p>\n<p>&nbsp;<\/p>\n<p><span style=\"color: #000000;\">TORONTO, le 18 mars 2020 \u2013 Geoffrey York et Melissa Tait du Globe and Mail viennent en t\u00eate des finalistes du Concours canadien de journalisme avec trois nominations chacun.<\/span><\/p>\n<p><span style=\"color: #000000;\">Geoffrey York, deux fois laur\u00e9at du CCJ \u00e0 la suite de six nominations pr\u00e9c\u00e9dentes, est finaliste dans deux cat\u00e9gories cette ann\u00e9e. Il est deux fois en nomination pour le Prix Norman Webster du reportage international et il est aussi finaliste (pour une candidature conjointe avec deux coll\u00e8gues du Globe and Mail) dans la cat\u00e9gorie de l\u2019\u00c9conomie.<\/span><\/p>\n<p><span style=\"color: #000000;\">Melissa Tait, finaliste lors du concours de 2018, est en nomination dans trois cat\u00e9gories cette ann\u00e9e\u00a0: Photo de nouvelles de derni\u00e8re heure, Nouvelles de derni\u00e8re heure (comme membre d\u2019une candidature de quatre personnes du Globe and Mail) et Texte explicatif (avec sa coll\u00e8gue du Globe Renata D\u2019Aliesio).<\/span><\/p>\n<p><span style=\"color: #000000;\">Le Globe and Mail compte le plus grand nombre de finalistes avec 19, incluant trois dans la cat\u00e9gorie de l\u2019International, deux dans la cat\u00e9gorie Politique et deux dans la cat\u00e9gorie du Texte explicatif. Les autres organes de presse comptant plusieurs finalistes sont\u00a0:<\/span><\/p>\n<ul>\n<li><span style=\"color: #000000;\">La Presse avec 10 (incluant une candidature conjointe avec le Toronto Star)<\/span><\/li>\n<li><span style=\"color: #000000;\">Le Toronto Star avec sept (incluant une candidature conjointe avec La Presse)<\/span><\/li>\n<li><span style=\"color: #000000;\">Le Ottawa Citizen et le London Free Press avec quatre chacun<\/span><\/li>\n<li><span style=\"color: #000000;\">La Presse Canadienne et le Winnipeg Free Press avec trois chacun<\/span><\/li>\n<li><span style=\"color: #000000;\">Le Calgary Herald, Le Devoir et le Halifax Chronicle Herald avec deux chacun<\/span><\/li>\n<\/ul>\n<p><span style=\"color: #000000;\">Il y a 63 finalistes provenant de 19 organisations dans 21 cat\u00e9gories. Les finalistes ont \u00e9t\u00e9 s\u00e9lectionn\u00e9s par des comit\u00e9s de trois juges dans chaque cat\u00e9gorie parmi 774 candidatures soumises pour du travail publi\u00e9 en 2019. On annoncera les laur\u00e9ats le mois prochain. Le nom du ou de la journaliste de l\u2019ann\u00e9e 2019, choisi(e) parmi les gagnants de cette ann\u00e9e, sera aussi annonc\u00e9 \u00e0 ce moment-l\u00e0.<\/span><\/p>\n<p><span style=\"color: #000000;\">Il s\u2019agit de la 71<sup>e<\/sup> ann\u00e9e du programme de prix et de la 31<sup>e<\/sup> en vertu de la pr\u00e9sente structure administrative. Le Concours a \u00e9t\u00e9 cr\u00e9\u00e9 par le Toronto Press Club en 1949 pour encourager et r\u00e9compenser l\u2019excellence du travail journalistique dans les quotidiens au Canada. Le concours est maintenant ouvert aux journaux quotidiens, agences de presse et sites de nouvelles en ligne dont les candidatures ont \u00e9t\u00e9 approuv\u00e9es par le conseil des gouverneurs du CCJ.<\/span><\/p>\n<p><span style=\"color: #000000;\">En raison de la contribution de commanditaires, sept des prix parmi les 21 cat\u00e9gories ont \u00e9t\u00e9 nomm\u00e9s en l\u2019honneur d\u2019importantes personnalit\u00e9s du journalisme, soit\u00a0:<\/span><\/p>\n<ul>\n<li><span style=\"color: #000000;\">Le Prix George Brown pour Grande Enqu\u00eate (commandit\u00e9 par le Globe and Mail)<\/span><\/li>\n<li><span style=\"color: #000000;\">Le Prix John Wesley Dafoe pour la Politique (commandit\u00e9 par Ron Stern)<\/span><\/li>\n<li><span style=\"color: #000000;\">Le Prix E. Cora Hind pour le Journalisme sp\u00e9cialis\u00e9 (commandit\u00e9 par le Nellie McClung Heritage Site)<\/span><\/li>\n<li><span style=\"color: #000000;\">Le Prix Bob Levin pour le Reportage bref (commandit\u00e9 par le Globe and Mail)<\/span><\/li>\n<li><span style=\"color: #000000;\">Le Prix Claude Ryan pour l\u2019\u00c9ditorial (commandit\u00e9 par la famille Ryan)<\/span><\/li>\n<li><span style=\"color: #000000;\">Le Prix William Southam pour le Reportage \u00e9labor\u00e9 (commandit\u00e9 par la famille Southam)<\/span><\/li>\n<li><span style=\"color: #000000;\">Le Prix Norman Webster pour le Reportage international (commandit\u00e9 par la famille Webster)<\/span><\/li>\n<\/ul>\n<p>&nbsp;<\/p>\n<p><span style=\"color: #000000;\"><strong>D\u2019autres faits saillants sur les nominations de cette ann\u00e9e\u00a0:<\/strong><\/span><\/p>\n<ul>\n<li><span style=\"color: #000000;\">Cinq personnes sont en lice pour deux prix. Renata D\u2019Aliesio du Globe and Mail est en nomination pour le Texte explicatif (avec Melissa Tait) et Nouvelles de derni\u00e8re heure (avec trois coll\u00e8gues). Katia Gagnon de La Presse est finaliste dans les enqu\u00eates et (avec deux coll\u00e8gues de La Presse et deux journalistes du Toronto Star) comme membre d\u2019une candidature conjointe dans la cat\u00e9gorie de l\u2019\u00c9conomie. Ariane Lacoursi\u00e8re de La Presse est en nomination dans le Reportage sp\u00e9cialis\u00e9 et (avec deux coll\u00e8gues) dans les Nouvelles de derni\u00e8re heure. Matthew McClearn du Globe and Mail est finaliste dans l\u2019\u00c9conomie (avec deux coll\u00e8gues) et le Texte explicatif (avec un coll\u00e8gue). Randy Richmond du London Free Press est finaliste pour Grande Enqu\u00eate de m\u00eame que pour Reportage \u00e0 caract\u00e8re local.<\/span><\/li>\n<li><span style=\"color: #000000;\">La cat\u00e9gorie de la Caricature met en vedette trois des individus les plus honor\u00e9s de l\u2019histoire du CCN. Ils ont chacun remport\u00e9 sept fois le prix de la caricature. Brian Gable du Globe and Mail est finaliste pour une 18<sup>e<\/sup> foi; Serge Chapleau de La Presse est en nomination pour une 15<sup>e<\/sup> fois; et Bruce MacKinnon du Halifax Chronicle Herald est finaliste pour une 12<sup>e<\/sup> Le laur\u00e9at de cette cat\u00e9gorie \u00e9galera le record de tous les temps du CCN d\u00e9tenu par Jacquie McNish, soit huit prix individuels.<\/span><\/li>\n<li><span style=\"color: #000000;\">Un autre finaliste pourrait aussi \u00e9galer ce record. Laur\u00e9ate \u00e0 sept reprises, Stephanie Nolen du Globe and Mail est finaliste pour une 17<sup>e<\/sup> fois, cette ann\u00e9e dans la cat\u00e9gorie de l\u2019\u00c9conomie comme membre d\u2019une candidature conjointe avec Geoffrey York et Matthew McClearn.<\/span><\/li>\n<li><span style=\"color: #000000;\">Grant Robertson du Globe and Mail est finaliste pour une 13<sup>e<\/sup> fois, dans la cat\u00e9gorie du Texte explicatif (avec Matthew McClearn).<\/span><\/li>\n<li><span style=\"color: #000000;\">Steve Buist du Hamilton Spectator et Isabelle Hachey de La Presse sont chacun finaliste pour la neuvi\u00e8me fois. Steve Buist comme membre d\u2019une candidature de quatre personnes du Spectator dans la cat\u00e9gorie Politique, tandis qu\u2019Isabelle Hachey est en nomination dans la cat\u00e9gorie Chroniques.<\/span><\/li>\n<li><span style=\"color: #000000;\">Sean Fine du Globe and Mail est finaliste une huiti\u00e8me fois, pour une candidature avec trois coll\u00e8gues dans la cat\u00e9gorie Politique.<\/span><\/li>\n<li><span style=\"color: #000000;\">David Bruser du Toronto Star, Daniel Leblanc du Globe and Mail et Melissa Martin du Winnipeg Free Press sont chacun en nomination pour une septi\u00e8me fois.<\/span><\/li>\n<li><span style=\"color: #000000;\">Stan Behal du Toronto Sun, Steven Chase du Globe and Mail, Randy Richmond du London Free Press (finaliste dans deux cat\u00e9gories cette ann\u00e9e) et Andrew Vaughan de La Presse Canadienne en sont \u00e0 leur sixi\u00e8me nomination \u00e0 vie.<\/span><\/li>\n<li><span style=\"color: #000000;\">Darryl Dyck de La Presse Canadienne et Derek Ruttan du London Free Press sont finalistes pour une cinqui\u00e8me fois.<\/span><\/li>\n<li><span style=\"color: #000000;\">La St. Albert Gazette a obtenu une nomination (pour Dan Riedlhuber dans la cat\u00e9gorie de Photo de reportage) \u00e0 sa premi\u00e8re ann\u00e9e d\u2019admissibilit\u00e9.<\/span><\/li>\n<\/ul>\n<p>&nbsp;<\/p>\n<p><span style=\"color: #000000;\"><strong>Les finalistes dans toutes les cat\u00e9gories :<\/strong><\/span><\/p>\n<p>&nbsp;<\/p>\n<p><span style=\"color: #000000;\"><strong>Culture<\/strong><\/span><\/p>\n<ul>\n<li><span style=\"color: #000000;\"><strong>Erin Lebar, Winnipeg Free Press<\/strong>, pour le portrait r\u00e9v\u00e9lateur de Begonia, une artiste \u00e9mergente de la sc\u00e8ne musicale municipale.<\/span><\/li>\n<li><span style=\"color: #000000;\"><strong>Marsha Lederman, Globe and Mail<\/strong>, pour une r\u00e9flexion sur l\u2019art et les changements climatiques et un documentaire sur les activit\u00e9s fr\u00e9n\u00e9tiques de Margaret Atwood apr\u00e8s le d\u00e9c\u00e8s de son conjoint.<\/span><\/li>\n<li><span style=\"color: #000000;\"><strong>Kevin Mitchell, Saskatoon StarPhoenix<\/strong>, pour une s\u00e9rie en deux parties sur les joies et tribulations d\u2019\u00eatre un collectionneur de disques vinyle.<\/span><\/li>\n<\/ul>\n<p><span style=\"color: #000000;\"><strong>\u00a0<\/strong><\/span><\/p>\n<p><span style=\"color: #000000;\"><strong>Journalisme sp\u00e9cialis\u00e9 (Prix E. Cora Hind)<\/strong><\/span><\/p>\n<ul>\n<li><span style=\"color: #000000;\"><strong>Kelly Grant, Globe and Mail<\/strong>, pour ses reportages sur l\u2019assurance m\u00e9dicaments et l\u2019aide m\u00e9dicale \u00e0 mourir dans le cadre de sa couverture du secteur de la sant\u00e9.<\/span><\/li>\n<li><span style=\"color: #000000;\"><strong>Ariane Lacoursi\u00e8re, La Presse<\/strong>, pour des articles exclusifs et approfondis traitant du syst\u00e8me de soins de sant\u00e9.<\/span><\/li>\n<li><span style=\"color: #000000;\"><strong>Alanna Smith, Calgary Herald<\/strong>, pour un ensemble d\u2019articles illustrant son travail sur la violence conjugale.<\/span><\/li>\n<\/ul>\n<p>&nbsp;<\/p>\n<p><span style=\"color: #000000;\"><strong>Nouvelles de derni\u00e8re heure<\/strong><\/span><\/p>\n<ul>\n<li><span style=\"color: #000000;\"><strong>Renata D\u2019Aliesio, Melissa Tait, Ian Bailey et Andrea Woo, Globe and Mail<\/strong>, pour la couverture de la fin soudaine de la longue recherche de deux adolescents soup\u00e7onn\u00e9s du meurtre de trois personnes en Colombie-Britannique.<\/span><\/li>\n<li><span style=\"color: #000000;\">Une \u00e9quipe de journalistes du <strong>Ottawa Citizen<\/strong> pour la couverture de l\u2019accident d\u2019un autobus \u00e0 imp\u00e9riale bond\u00e9 \u00e0 l\u2019heure de pointe ayant percut\u00e9 un abribus et caus\u00e9 la mort de trois passagers et inflig\u00e9 des blessures \u00e0 23 autres.<\/span><\/li>\n<li><span style=\"color: #000000;\"><strong>Thomas Dufour, Audrey Ruel-Manseau et Ariane Lacoursi\u00e8re, La Presse<\/strong>, pour le reportage sur le d\u00e9c\u00e8s d\u2019un coureur d\u2019un marathon, la longue attente pour l\u2019arriv\u00e9e des services d\u2019urgence et les probl\u00e8mes de planification de la course qui ont contribu\u00e9 \u00e0 la trag\u00e9die.<\/span><\/li>\n<\/ul>\n<p>&nbsp;<\/p>\n<p><span style=\"color: #000000;\"><strong>Photo de nouvelles de derni\u00e8re heure<\/strong><\/span><\/p>\n<ul>\n<li><span style=\"color: #000000;\"><strong>Wayne Cuddington, Ottawa Citizen<\/strong>, pour la photo d\u2019une femme d\u00e9sempar\u00e9e soutenue par un agent de police apr\u00e8s qu\u2019un homme ait \u00e9t\u00e9 abattu par un tireur au march\u00e9 By.<\/span><\/li>\n<li><span style=\"color: #000000;\"><strong>Derek Ruttan, London Free Press<\/strong>, pour la photo montrant des policiers confrontant un homme arm\u00e9 d\u2019un couteau de chasse.<\/span><\/li>\n<li><span style=\"color: #000000;\"><strong>Melissa Tait, Globe and Mail<\/strong>, pour avoir capt\u00e9 l\u2019image du cercueil contenant le corps d\u2019un jeune homme qui a fait l\u2019objet de plusieurs semaines de recherche alors qu\u2019il \u00e9tait mis \u00e0 bord d\u2019un avion de la GRC au Manitoba.<\/span><\/li>\n<\/ul>\n<p>&nbsp;<\/p>\n<p><span style=\"color: #000000;\"><strong>\u00c9conomie<\/strong><\/span><\/p>\n<ul>\n<li><span style=\"color: #000000;\"><strong>Danielle Bochove, Bloomberg News<\/strong>, pour des articles sur le changement de la nature du travail automobile et la fa\u00e7on dont les changements climatiques ouvrent la porte \u00e0 de vastes ressources naturelles dans le Grand Nord canadien.<\/span><\/li>\n<li><span style=\"color: #000000;\"><strong>Geoffrey York, Matthew McClearn et Stephanie Nolen, Globe and Mail<\/strong>, pour une enqu\u00eate approfondie sur les pratiques de pr\u00eat et autres activit\u00e9s d\u2019Exportation et D\u00e9veloppement Canada.<\/span><\/li>\n<li><span style=\"color: #000000;\"><strong>Jesse McLean et David Bruser, Toronto Star, et Marie-\u00c8ve Fournier, Katia Gagnon et St\u00e9phanie Grammond, La Presse<\/strong>, pour une enqu\u00eate conjointe r\u00e9v\u00e9lant qu\u2019un Canadien sur cinq qui d\u00e9clare faillite le fait pour au moins une deuxi\u00e8me fois.<\/span><\/li>\n<\/ul>\n<p>&nbsp;<\/p>\n<p><span style=\"color: #000000;\"><strong>Chroniques<\/strong><\/span><\/p>\n<ul>\n<li><span style=\"color: #000000;\"><strong>Isabelle Hachey, La Presse<\/strong>, pour des chroniques \u00e0 propos d\u2019un d\u00e9put\u00e9 redevenu m\u00e9decin qui s\u00e8me la controverse, des infortunes d\u2019un conteur de village et des injustices caus\u00e9es par la r\u00e9forme d\u2019un programme d\u2019immigration.<\/span><\/li>\n<li><span style=\"color: #000000;\"><strong>Edward Keenan, Toronto Star<\/strong>, pour des chroniques sur la vie, la politique et la plus grande ville canadienne.<\/span><\/li>\n<li><span style=\"color: #000000;\"><strong>Melissa Martin, Winnipeg Free Press<\/strong>, pour deux chroniques touchant des femmes autochtones disparues ou assassin\u00e9es, et une r\u00e9flexion tr\u00e8s personnelle sur une exp\u00e9rience terrifiante de turbulence en cours de vol lors d\u2019un voyage de retour du Japon.<\/span><\/li>\n<\/ul>\n<p>&nbsp;<\/p>\n<p><span style=\"color: #000000;\"><strong>Caricature <\/strong>(portfolio de cinq caricatures)<\/span><\/p>\n<ul>\n<li><span style=\"color: #000000;\"><strong>Serge Chapleau, La Presse<\/strong><\/span><\/li>\n<li><span style=\"color: #000000;\"><strong>Brian Gable, Globe and Mail<\/strong><\/span><\/li>\n<li><span style=\"color: #000000;\"><strong>Bruce MacKinnon, Halifax Chronicle Herald<\/strong><\/span><\/li>\n<\/ul>\n<p>&nbsp;<\/p>\n<p><span style=\"color: #000000;\"><strong>\u00c9ditorial (Prix Claude Ryan)<\/strong><\/span><\/p>\n<ul>\n<li><span style=\"color: #000000;\"><strong>Marie-Andr\u00e9e Chouinard, Le Devoir<\/strong>, pour des \u00e9ditoriaux sur la trag\u00e9die de l\u2019\u00c9cole Polytechnique, le massacre de Christchurch, N.-Z., et un auteur qui pr\u00f4ne ouvertement la p\u00e9dophilie.<\/span><\/li>\n<li><span style=\"color: #000000;\"><strong>Paul Journet, La Presse<\/strong>, pour des \u00e9ditoriaux sur les promesses de d\u00e9pense \u00e9lectorale, la fa\u00e7on pragmatique dont les jeunes voient les questions environnementales et le scandale du \u00abblackface\u00bb de Justin Trudeau.<\/span><\/li>\n<li><span style=\"color: #000000;\"><strong>Peter Scowen, Globe and Mail<\/strong>, pour des \u00e9ditoriaux sur l\u2019incendie de Notre-Dame de Paris, le besoin d\u2019une diversit\u00e9 saine et soutenue et les changements attendus \u00e0 la loi sur l\u2019aide m\u00e9dicale \u00e0 mourir.<\/span><\/li>\n<\/ul>\n<p>&nbsp;<\/p>\n<p><span style=\"color: #000000;\"><strong>Texte explicatif <\/strong><\/span><\/p>\n<ul>\n<li><span style=\"color: #000000;\"><strong>Renata D\u2019Aliesio et Melissa Tait, Globe and Mail<\/strong>, pour avoir indiqu\u00e9 \u00e0 quel point la GRC est venue pr\u00e8s de se retirer de la r\u00e9gion entourant Gillam, Man., sans avoir trouv\u00e9 deux fugitifs, et le r\u00f4le essentiel qu\u2019a jou\u00e9 un trappeur Cri pour terminer la recherche.<\/span><\/li>\n<li><span style=\"color: #000000;\"><strong>Grant Robertson et Matthew McClearn, Globe and Mail<\/strong>, pour avoir expliqu\u00e9 pourquoi du mat\u00e9riel \u2013 bombes, obus et autres munitions \u2013 utilis\u00e9 durant les exercices et n\u2019ayant pas explos\u00e9, est devenu l\u2019un des principaux soucis financiers qui hante le minist\u00e8re de la D\u00e9fense nationale.<\/span><\/li>\n<li><span style=\"color: #000000;\"><strong>Daphn\u00e9 Cameron et Martin Tremblay, La Presse<\/strong>, pour avoir r\u00e9v\u00e9l\u00e9 comment la science, les politiques et les pratiques agricoles travaillent de concert pour pousser les pesticides \u00e0 des niveaux dangereux et pourquoi la r\u00e8glementation \u00e0 ce sujet n\u2019est pas appliqu\u00e9e.<\/span><\/li>\n<\/ul>\n<p>&nbsp;<\/p>\n<p><span style=\"color: #000000;\"><strong>Photo de reportage<\/strong><\/span><\/p>\n<ul>\n<li><span style=\"color: #000000;\"><strong>Darryl Dyck, La Presse Canadienne<\/strong>, pour l\u2019image de la silhouette d\u2019un jeune gar\u00e7on se baignant dans une piscine \u00e0 fond de verre \u00e0 60 m\u00e8tres au-dessus du niveau de la rue dans une tour \u00e0 condos \u00e0 Vancouver.<\/span><\/li>\n<li><span style=\"color: #000000;\"><strong>Julie Oliver, Ottawa Citizen<\/strong>, pour la photo de trois campeurs bravant la temp\u00e9rature fra\u00eeche de l\u2019\u00e9t\u00e9 pour une baignade dans une colonie de nudistes.<\/span><\/li>\n<li><span style=\"color: #000000;\"><strong>Dan Riedlhuber, St. Albert Gazette<\/strong>, pour l\u2019image d\u2019un jeune conducteur d\u00e9rapant apr\u00e8s avoir heurt\u00e9 le trottoir lors d\u2019une course de bo\u00eetes \u00e0 savon.<\/span><\/li>\n<\/ul>\n<p><span style=\"color: #000000;\"><strong>\u00a0<\/strong><\/span><\/p>\n<p><span style=\"color: #000000;\"><strong>Photo d\u2019actualit\u00e9 g\u00e9n\u00e9rale <\/strong><\/span><\/p>\n<ul>\n<li><span style=\"color: #000000;\"><strong>Jacques Nadeau, Le Devoir<\/strong>, pour sa photo d\u2019un homme appr\u00e9hend\u00e9 lors d\u2019une manifestation pour le climat.<\/span><\/li>\n<li><span style=\"color: #000000;\"><strong>Francisco Proner, Globe and Mail<\/strong>, pour une image, prise d\u2019un drone, montrant un v\u00e9hicule englu\u00e9 dans une mer de boue et de d\u00e9tritus miniers apr\u00e8s la rupture d\u2019un barrage au Br\u00e9sil.<\/span><\/li>\n<li><span style=\"color: #000000;\"><strong>Andrew Vaughan, La Presse Canadienne<\/strong>, pour la photo d\u2019un homme observant la violence de l\u2019ouragan Dorian le long du port de Halifax.<\/span><\/li>\n<\/ul>\n<p>&nbsp;<\/p>\n<p><span style=\"color: #000000;\"><strong>International (Prix Norman Webster)<\/strong><\/span><\/p>\n<ul>\n<li><span style=\"color: #000000;\"><strong>Nathan VanderKlippe, Globe and Mail<\/strong>, pour avoir voyag\u00e9 \u00e0 travers l\u2019Asie pour d\u00e9couvrir des t\u00e9moignages extr\u00eamement personnels de pers\u00e9cution de la part d\u2019Ou\u00efghours, de Cachemiris et de Rohingya.<\/span><\/li>\n<li><span style=\"color: #000000;\"><strong>Geoffrey York, Globe and Mail<\/strong>, pour des articles sur les conflits \u00e9mergents entre la Chine et les \u00c9tats-Unis prenant place \u00e0 Djibouti en Afrique.<\/span><\/li>\n<li><span style=\"color: #000000;\"><strong>Geoffrey York, Globe and Mail<\/strong>, pour des articles d\u00e9crivant les r\u00e9alit\u00e9s du Soudan, une dictature hautement militaris\u00e9e et l\u2019un des pays le plus difficiles \u00e0 p\u00e9n\u00e9trer et comprendre.<\/span><\/li>\n<\/ul>\n<p>&nbsp;<\/p>\n<p><span style=\"color: #000000;\"><strong>Grande enqu\u00eate (Prix George Brown)<\/strong><\/span><\/p>\n<ul>\n<li><span style=\"color: #000000;\"><strong>Katia Gagnon, La Presse<\/strong>, pour un expos\u00e9 troublant des erreurs m\u00e9dicales qui ont caus\u00e9 la mort de 200 Qu\u00e9b\u00e9cois \u00e2g\u00e9s ou vuln\u00e9rables.<\/span><\/li>\n<li><span style=\"color: #000000;\"><strong>Randy Richmond, London Free Press<\/strong>, pour une s\u00e9rie indiquant comment un agent de police a rou\u00e9 une femme de coups de poing et de coups de pied et a tent\u00e9 de l\u2019\u00e9trangler, comment ses coll\u00e8gues policiers n\u2019ont pas fait cesser cette violence et comment la police a travesti le tout en une histoire fallacieuse d\u2019une dangereuse suspecte qui a agress\u00e9 un policier.<\/span><\/li>\n<li><span style=\"color: #000000;\"><strong>Kathy Tomlinson, Globe and Mail<\/strong>, pour avoir r\u00e9v\u00e9l\u00e9 des cas d\u2019exploitation stup\u00e9fiante et \u00e9hont\u00e9e dans l\u2019industrie de l\u2019immigration permettant \u00e0 des recruteurs, consultants et employeurs sans scrupules de s\u2019enrichir aux d\u00e9penses de nouveaux arrivants alors que les gouvernements et les autorit\u00e9s d\u00e9tournent le regard.<\/span><\/li>\n<\/ul>\n<p>&nbsp;<\/p>\n<p><span style=\"color: #000000;\"><strong>Reportage \u00e0 caract\u00e8re local <\/strong><\/span><\/p>\n<ul>\n<li><span style=\"color: #000000;\"><strong>Aaron Beswick, Halifax Chronicle Herald<\/strong>, pour une s\u00e9rie qui aborde des consid\u00e9rations politiques, \u00e9conomiques et environnementales auxquelles fait face le gouvernement de Nouvelle-\u00c9cosse pour d\u00e9cider s\u2019il doit fermer une usine de p\u00e2te \u00e0 papier qui pollue depuis des d\u00e9cennies, mais qui offre des emplois payants \u00e0 des centaines de personnes.<\/span><\/li>\n<li><span style=\"color: #000000;\"><strong>Nick Dunne, Cornwall Standard-Freeholder<\/strong>, pour avoir fouill\u00e9 l\u2019histoire la plus m\u00e9connue de l\u2019assistance des \u00abcode talkers\u00bb aupr\u00e8s des Alli\u00e9s durant la Deuxi\u00e8me Guerre mondiale, un travail qui a d\u00e9bouch\u00e9 sur un examen plus large de la langue mohawk.<\/span><\/li>\n<li><span style=\"color: #000000;\"><strong>Randy Richmond, London Free Press<\/strong>, pour une s\u00e9rie indiquant comment un agent de police a rou\u00e9 une femme de coups de poing et de coups de pied et a tent\u00e9 de l\u2019\u00e9trangler, comment ses coll\u00e8gues policiers n\u2019ont pas fait cesser cette violence et comment la police a travesti le tout en une histoire fallacieuse d\u2019une dangereuse suspecte qui a agress\u00e9 un policier.<\/span><\/li>\n<\/ul>\n<p>&nbsp;<\/p>\n<p><span style=\"color: #000000;\"><strong>Reportage \u00e9labor\u00e9 (Prix William Southam)<\/strong><\/span><\/p>\n<ul>\n<li><span style=\"color: #000000;\"><strong>Andrew Duffy, Ottawa Citizen<\/strong>, pour \u00abSix on a Bus\u00bb, un r\u00e9cit saisissant \u00e0 propos de l\u2019exp\u00e9rience terrifiante des passagers d\u2019un autobus municipal qui a percut\u00e9 violemment un abribus causant la mort de trois personnes et en blessant 23 autres.<\/span><\/li>\n<li><span style=\"color: #000000;\"><strong>Sammy Hudes, Calgary Herald<\/strong>, pour un documentaire racontant le difficile cheminement vers le r\u00e9tablissement qu\u2019a v\u00e9cu un joueur de hockey devenu paralys\u00e9 apr\u00e8s le tragique accident d\u2019autobus de l\u2019\u00e9quipe des Broncos de Humboldt.<\/span><\/li>\n<li><span style=\"color: #000000;\"><strong>Ryan Thorpe, Winnipeg Free Press<\/strong>, pour avoir document\u00e9 la peine et le d\u00e9sespoir qu\u2019ignorent la plupart des gens qui \u00e9vitent ce quartier repr\u00e9sentant l\u2019\u00e9picentre du trafic de drogues et de la violence des gangs de rue.<\/span><\/li>\n<\/ul>\n<p><span style=\"color: #000000;\"><strong>\u00a0<\/strong><\/span><\/p>\n<p><span style=\"color: #000000;\"><strong>Politique (Prix John Wesley Dafoe)<\/strong><\/span><\/p>\n<ul>\n<li><span style=\"color: #000000;\"><strong>Robert Fife, Steven Chase, Sean Fine et Daniel Leblanc, Globe and Mail<\/strong>, pour avoir d\u00e9nich\u00e9 la nouvelle suivant laquelle le bureau du premier ministre avait fait pression sur la ministre de la Justice pour l\u2019abandon d\u2019une poursuite contre SNC-Lavalin, et pour une s\u00e9rie de reportages sur les suites de l\u2019affaire qui a pris des proportions de scandale.<\/span><\/li>\n<li><span style=\"color: #000000;\">Une \u00e9quipe du <strong>Globe and Mail<\/strong> pour des reportages men\u00e9s \u00e0 travers le pays qui d\u00e9voilent comment des int\u00e9r\u00eats priv\u00e9s tirent profit des failles des lois sur le financement \u00e9lectoral.<\/span><\/li>\n<li><span style=\"color: #000000;\"><strong>Steve Buist, Matthew Van Dongen, Teviah Moro et Andrew Dreschel<\/strong>, Hamilton Spectator, pour des articles r\u00e9v\u00e9lant que 24 milliards de litres d\u2019eaux d\u2019\u00e9gout se sont \u00e9coul\u00e9s dans une zone de terres humides vuln\u00e9rables durant quatre ans et que les conseillers municipaux ont choisi de garder l\u2019affaire secr\u00e8te.<\/span><\/li>\n<\/ul>\n<p>&nbsp;<\/p>\n<p><span style=\"color: #000000;\"><strong>Pr\u00e9sentation\/Design <\/strong><\/span><\/p>\n<ul>\n<li><span style=\"color: #000000;\"><strong>Laura Blenkinsop et Christopher Manza, Globe and Mail<\/strong>, pour une pr\u00e9sentation \u00e9minemment interactive destin\u00e9e \u00e0 aider les lecteurs \u00e0 comprendre les dangers des distractions au volant.<\/span><\/li>\n<li><span style=\"color: #000000;\"><strong>Maxime Jean, La Presse<\/strong>, pour un rappel cr\u00e9atif du premier alunissage il y a 50 ans, sp\u00e9cialement format\u00e9 pour une interaction immersive sur iPad.<\/span><\/li>\n<li><span style=\"color: #000000;\"><strong>Cameron Tulk, Nathan Pilla, McKenna Deighton, Andres Plana et Tania Pereira, Toronto Star<\/strong>, pour une pr\u00e9sentation qui aide les lecteurs \u00e0 exp\u00e9rimenter les effets significatifs, parfois terrifiants, des changements climatiques.<\/span><\/li>\n<\/ul>\n<p>&nbsp;<\/p>\n<p><span style=\"color: #000000;\"><strong>Projet de l\u2019ann\u00e9e<\/strong><\/span><\/p>\n<ul>\n<li><span style=\"color: #000000;\"><strong>Globe and Mail <\/strong>pour un projet d\u2019un an visant \u00e0 identifier les principales lacunes dans la fa\u00e7on dont les donn\u00e9es sont recueillies et analys\u00e9es au Canada et \u00e0 enqu\u00eater sur les raisons pour lesquelles le syst\u00e8me de collection des donn\u00e9es est si fragment\u00e9 et inaccessible.<\/span><\/li>\n<li><span style=\"color: #000000;\"><strong>London Free Press <\/strong>pour \u00abFace It\u00bb, un projet qui examine une multitude de probl\u00e8mes auxquels font face les gens qui vivent en marge de la soci\u00e9t\u00e9 \u00e0 London, des maladies li\u00e9es aux drogues \u00e0 la p\u00e9nurie de logements abordables et \u00e0 la raret\u00e9 des emplois.<\/span><\/li>\n<li><span style=\"color: #000000;\"><strong>Toronto Star <\/strong>pour \u00abOperation Transparency\u00bb, le point culminant d\u2019un travail de cinq ans pour d\u00e9couvrir combien les m\u00e9decins individuellement facturent le syst\u00e8me provincial de sant\u00e9 et pour cr\u00e9er des bases de donn\u00e9es consultables permettant aux lecteurs d\u2019avoir acc\u00e8s \u00e0 cette information.<\/span><\/li>\n<\/ul>\n<p><span style=\"color: #000000;\"><strong>\u00a0<\/strong><\/span><\/p>\n<p><span style=\"color: #000000;\"><strong>Reportage bref (Prix Bob Levin)<\/strong><\/span><\/p>\n<ul>\n<li><span style=\"color: #000000;\"><strong>Caroline Alphonso, Globe and Mail<\/strong>, pour offrir aux lecteurs un aper\u00e7u d\u2019une \u00e9cole o\u00f9 les \u00e9ducateurs font de leur mieux pour cr\u00e9er un environnement d\u2019enseignement favorable aux enfants souffrant de maladies d\u00e9bilitantes.<\/span><\/li>\n<li><span style=\"color: #000000;\"><strong>Louise Dickson, Victoria Times Colonist<\/strong>, pour un r\u00e9cit passionnant sur les aventures et le voyage final des cendres de Biker Bob, qui ont \u00e9t\u00e9 jet\u00e9es dans l&rsquo;oc\u00e9an mais ont continu\u00e9 \u00e0 se laver \u00e0 terre.<\/span><\/li>\n<li><span style=\"color: #000000;\"><strong>Josh Rubin, Toronto Star<\/strong>, pour l\u2019histoire d\u2019une cantine mobile canadienne dont les propri\u00e9taires se sont retrouv\u00e9s par inadvertance en plein c\u0153ur de l\u2019embargo am\u00e9ricain contre Cuba.<\/span><\/li>\n<\/ul>\n<p>&nbsp;<\/p>\n<p><span style=\"color: #000000;\"><strong>Sport<\/strong><\/span><\/p>\n<ul>\n<li><span style=\"color: #000000;\"><strong>Bruce Arthur, Toronto Star<\/strong>, pour trois chroniques sur le cheminement des Raptors de Toronto vers le championnat de la NBA.<\/span><\/li>\n<li><span style=\"color: #000000;\"><strong>Alexandre Pratt, La Presse<\/strong>, pour un article \u00e0 propos des invectives racistes dont un joueur Noir a \u00e9t\u00e9 l\u2019objet au cours d\u2019un match semi-professionnel de hockey et des r\u00e9actions qui ont suivi.<\/span><\/li>\n<li><span style=\"color: #000000;\"><strong>Dan Robson, Athl\u00e9tique<\/strong>, pour un documentaire \u00e9labor\u00e9 \u00e0 propos de la mort subite de l\u2019ancienne vedette du hockey Ray Emery, le cheminement parfois difficile du seul Inuk qui a jou\u00e9 dans la LNH et la possibilit\u00e9 que des blessures \u00e0 la t\u00eate subies lors de leur carri\u00e8re au hockey aient contribu\u00e9 au d\u00e9c\u00e8s de deux joueurs \u00e0 la retraite.<\/span><\/li>\n<\/ul>\n<p>&nbsp;<\/p>\n<p><span style=\"color: #000000;\"><strong>Photo de sport<\/strong><\/span><\/p>\n<ul>\n<li><span style=\"color: #000000;\"><strong>Stan Behal, Toronto Sun<\/strong>, pour une photo du coup gagnant de la s\u00e9rie par Kawhi Leonard des Raptors de Toronto, capt\u00e9 une fraction de seconde avant que le ballon ne p\u00e9n\u00e8tre dans le panier.<\/span><\/li>\n<li><span style=\"color: #000000;\"><strong>Jason Franson, La Presse Canadienne<\/strong>, pour une image d\u2019action explicite d\u2019arts martiaux mixtes visant les yeux.<\/span><\/li>\n<li><span style=\"color: #000000;\"><strong>Rick Madonik, Toronto Star<\/strong>, pour une photo de Kyle Lowry des Raptors de Toronto, entour\u00e9 des mains de ses co\u00e9quipiers et adversaires.<\/span><\/li>\n<\/ul>\n<p>&nbsp;<\/p>\n<p><span style=\"color: #000000;\">On peut consulter les candidatures mises en nomination sur le site web du CCJ \u00e0 <a style=\"color: #000000;\" href=\"http:\/\/www.nna-ccj.ca\/\">www.nna-ccj.ca<\/a>. Le lien vers les candidatures finalistes se trouve sur le c\u00f4t\u00e9 droit de la page d\u2019accueil, juste sous la photo du Journaliste de l\u2019ann\u00e9e 2018.<\/span><\/p>\n<p>&nbsp;<\/p>\n<p><span style=\"color: #000000;\">Pour plus d\u2019information, communiquez avec\u00a0:<br \/>\n<\/span><span style=\"color: #000000;\">Paul Woods<br \/>\n<\/span><span style=\"color: #000000;\">Directeur g\u00e9n\u00e9ral<br \/>\n<\/span><span style=\"color: #000000;\">Concours canadien de journalisme<br \/>\n<\/span><span style=\"color: #000000;\">exec@nna-ccj.ca<br \/>\n<\/span><span style=\"color: #000000;\">905-719-8675<\/span><\/p>\n<p>&nbsp;<\/p>\n<p>&nbsp;<\/p>\n","protected":false},"excerpt":{"rendered":"<p>Les nominations sont d\u00e9voil\u00e9es pour le 71e Concours canadien de journalisme &nbsp; TORONTO, le 18 mars 2020 \u2013 Geoffrey York et Melissa Tait du Globe and<span class=\"excerpt-hellip\"> [\u2026]<\/span><\/p>\n","protected":false},"author":4,"featured_media":0,"comment_status":"closed","ping_status":"closed","sticky":false,"template":"","format":"standard","meta":{"_jetpack_memberships_contains_paid_content":false,"footnotes":""},"categories":[57],"tags":[],"class_list":["post-5607","post","type-post","status-publish","format-standard","hentry","category-nouvelles-ccj"],"yoast_head":"<!-- This site is optimized with the Yoast SEO plugin v27.5 - https:\/\/yoast.com\/product\/yoast-seo-wordpress\/ -->\n<title>Les nominations sont d\u00e9voil\u00e9es pour le 71e Concours canadien de journalisme - National Newspaper Awards<\/title>\n<meta name=\"robots\" content=\"index, follow, max-snippet:-1, max-image-preview:large, max-video-preview:-1\" \/>\n<link rel=\"canonical\" href=\"https:\/\/nna-ccj.ca\/fr\/les-nominations-sont-devoilees-pour-le-71e-concours-canadien-de-journalisme\/\" \/>\n<meta property=\"og:locale\" content=\"fr_FR\" \/>\n<meta property=\"og:type\" content=\"article\" \/>\n<meta property=\"og:title\" content=\"Les nominations sont d\u00e9voil\u00e9es pour le 71e Concours canadien de journalisme - National Newspaper Awards\" \/>\n<meta property=\"og:description\" content=\"Les nominations sont d\u00e9voil\u00e9es pour le 71e Concours canadien de journalisme &nbsp; TORONTO, le 18 mars 2020 \u2013 Geoffrey York et Melissa Tait du Globe and [\u2026]\" \/>\n<meta property=\"og:url\" content=\"https:\/\/nna-ccj.ca\/fr\/les-nominations-sont-devoilees-pour-le-71e-concours-canadien-de-journalisme\/\" \/>\n<meta property=\"og:site_name\" content=\"National Newspaper Awards\" \/>\n<meta property=\"article:published_time\" content=\"2020-03-17T17:06:09+00:00\" \/>\n<meta property=\"article:modified_time\" content=\"2020-03-22T16:05:49+00:00\" \/>\n<meta name=\"author\" content=\"Bev Wake\" \/>\n<meta name=\"twitter:card\" content=\"summary_large_image\" \/>\n<meta name=\"twitter:label1\" content=\"\u00c9crit par\" \/>\n\t<meta name=\"twitter:data1\" content=\"Bev Wake\" \/>\n\t<meta name=\"twitter:label2\" content=\"Dur\u00e9e de lecture estim\u00e9e\" \/>\n\t<meta name=\"twitter:data2\" content=\"17 minutes\" \/>\n<script type=\"application\/ld+json\" class=\"yoast-schema-graph\">{\"@context\":\"https:\\\/\\\/schema.org\",\"@graph\":[{\"@type\":\"Article\",\"@id\":\"https:\\\/\\\/nna-ccj.ca\\\/fr\\\/les-nominations-sont-devoilees-pour-le-71e-concours-canadien-de-journalisme\\\/#article\",\"isPartOf\":{\"@id\":\"https:\\\/\\\/nna-ccj.ca\\\/fr\\\/les-nominations-sont-devoilees-pour-le-71e-concours-canadien-de-journalisme\\\/\"},\"author\":{\"name\":\"Bev Wake\",\"@id\":\"https:\\\/\\\/nna-ccj.ca\\\/#\\\/schema\\\/person\\\/852889aa6e5f4e36a5de6a7061fa9265\"},\"headline\":\"Les nominations sont d\u00e9voil\u00e9es pour le 71e Concours canadien de journalisme\",\"datePublished\":\"2020-03-17T17:06:09+00:00\",\"dateModified\":\"2020-03-22T16:05:49+00:00\",\"mainEntityOfPage\":{\"@id\":\"https:\\\/\\\/nna-ccj.ca\\\/fr\\\/les-nominations-sont-devoilees-pour-le-71e-concours-canadien-de-journalisme\\\/\"},\"wordCount\":3435,\"articleSection\":[\"Nouvelles CCJ\"],\"inLanguage\":\"fr-FR\"},{\"@type\":\"WebPage\",\"@id\":\"https:\\\/\\\/nna-ccj.ca\\\/fr\\\/les-nominations-sont-devoilees-pour-le-71e-concours-canadien-de-journalisme\\\/\",\"url\":\"https:\\\/\\\/nna-ccj.ca\\\/fr\\\/les-nominations-sont-devoilees-pour-le-71e-concours-canadien-de-journalisme\\\/\",\"name\":\"Les nominations sont d\u00e9voil\u00e9es pour le 71e Concours canadien de journalisme - National Newspaper Awards\",\"isPartOf\":{\"@id\":\"https:\\\/\\\/nna-ccj.ca\\\/#website\"},\"datePublished\":\"2020-03-17T17:06:09+00:00\",\"dateModified\":\"2020-03-22T16:05:49+00:00\",\"author\":{\"@id\":\"https:\\\/\\\/nna-ccj.ca\\\/#\\\/schema\\\/person\\\/852889aa6e5f4e36a5de6a7061fa9265\"},\"breadcrumb\":{\"@id\":\"https:\\\/\\\/nna-ccj.ca\\\/fr\\\/les-nominations-sont-devoilees-pour-le-71e-concours-canadien-de-journalisme\\\/#breadcrumb\"},\"inLanguage\":\"fr-FR\",\"potentialAction\":[{\"@type\":\"ReadAction\",\"target\":[\"https:\\\/\\\/nna-ccj.ca\\\/fr\\\/les-nominations-sont-devoilees-pour-le-71e-concours-canadien-de-journalisme\\\/\"]}]},{\"@type\":\"BreadcrumbList\",\"@id\":\"https:\\\/\\\/nna-ccj.ca\\\/fr\\\/les-nominations-sont-devoilees-pour-le-71e-concours-canadien-de-journalisme\\\/#breadcrumb\",\"itemListElement\":[{\"@type\":\"ListItem\",\"position\":1,\"name\":\"Home\",\"item\":\"https:\\\/\\\/nna-ccj.ca\\\/fr\\\/\"},{\"@type\":\"ListItem\",\"position\":2,\"name\":\"Les nominations sont d\u00e9voil\u00e9es pour le 71e Concours canadien de journalisme\"}]},{\"@type\":\"WebSite\",\"@id\":\"https:\\\/\\\/nna-ccj.ca\\\/#website\",\"url\":\"https:\\\/\\\/nna-ccj.ca\\\/\",\"name\":\"National Newspaper Awards\",\"description\":\"Honouring the best in Canadian Journalism since 1949\",\"potentialAction\":[{\"@type\":\"SearchAction\",\"target\":{\"@type\":\"EntryPoint\",\"urlTemplate\":\"https:\\\/\\\/nna-ccj.ca\\\/?s={search_term_string}\"},\"query-input\":{\"@type\":\"PropertyValueSpecification\",\"valueRequired\":true,\"valueName\":\"search_term_string\"}}],\"inLanguage\":\"fr-FR\"},{\"@type\":\"Person\",\"@id\":\"https:\\\/\\\/nna-ccj.ca\\\/#\\\/schema\\\/person\\\/852889aa6e5f4e36a5de6a7061fa9265\",\"name\":\"Bev Wake\",\"image\":{\"@type\":\"ImageObject\",\"inLanguage\":\"fr-FR\",\"@id\":\"https:\\\/\\\/secure.gravatar.com\\\/avatar\\\/6f255ad4a88f2733c38f1b74099dac215238b154831bab54b8f9cdd242fd2d57?s=96&d=mm&r=g\",\"url\":\"https:\\\/\\\/secure.gravatar.com\\\/avatar\\\/6f255ad4a88f2733c38f1b74099dac215238b154831bab54b8f9cdd242fd2d57?s=96&d=mm&r=g\",\"contentUrl\":\"https:\\\/\\\/secure.gravatar.com\\\/avatar\\\/6f255ad4a88f2733c38f1b74099dac215238b154831bab54b8f9cdd242fd2d57?s=96&d=mm&r=g\",\"caption\":\"Bev Wake\"},\"url\":\"https:\\\/\\\/nna-ccj.ca\\\/fr\\\/author\\\/paulwoods\\\/\"}]}<\/script>\n<!-- \/ Yoast SEO plugin. -->","yoast_head_json":{"title":"Les nominations sont d\u00e9voil\u00e9es pour le 71e Concours canadien de journalisme - National Newspaper Awards","robots":{"index":"index","follow":"follow","max-snippet":"max-snippet:-1","max-image-preview":"max-image-preview:large","max-video-preview":"max-video-preview:-1"},"canonical":"https:\/\/nna-ccj.ca\/fr\/les-nominations-sont-devoilees-pour-le-71e-concours-canadien-de-journalisme\/","og_locale":"fr_FR","og_type":"article","og_title":"Les nominations sont d\u00e9voil\u00e9es pour le 71e Concours canadien de journalisme - National Newspaper Awards","og_description":"Les nominations sont d\u00e9voil\u00e9es pour le 71e Concours canadien de journalisme &nbsp; TORONTO, le 18 mars 2020 \u2013 Geoffrey York et Melissa Tait du Globe and [\u2026]","og_url":"https:\/\/nna-ccj.ca\/fr\/les-nominations-sont-devoilees-pour-le-71e-concours-canadien-de-journalisme\/","og_site_name":"National Newspaper Awards","article_published_time":"2020-03-17T17:06:09+00:00","article_modified_time":"2020-03-22T16:05:49+00:00","author":"Bev Wake","twitter_card":"summary_large_image","twitter_misc":{"\u00c9crit par":"Bev Wake","Dur\u00e9e de lecture estim\u00e9e":"17 minutes"},"schema":{"@context":"https:\/\/schema.org","@graph":[{"@type":"Article","@id":"https:\/\/nna-ccj.ca\/fr\/les-nominations-sont-devoilees-pour-le-71e-concours-canadien-de-journalisme\/#article","isPartOf":{"@id":"https:\/\/nna-ccj.ca\/fr\/les-nominations-sont-devoilees-pour-le-71e-concours-canadien-de-journalisme\/"},"author":{"name":"Bev Wake","@id":"https:\/\/nna-ccj.ca\/#\/schema\/person\/852889aa6e5f4e36a5de6a7061fa9265"},"headline":"Les nominations sont d\u00e9voil\u00e9es pour le 71e Concours canadien de journalisme","datePublished":"2020-03-17T17:06:09+00:00","dateModified":"2020-03-22T16:05:49+00:00","mainEntityOfPage":{"@id":"https:\/\/nna-ccj.ca\/fr\/les-nominations-sont-devoilees-pour-le-71e-concours-canadien-de-journalisme\/"},"wordCount":3435,"articleSection":["Nouvelles CCJ"],"inLanguage":"fr-FR"},{"@type":"WebPage","@id":"https:\/\/nna-ccj.ca\/fr\/les-nominations-sont-devoilees-pour-le-71e-concours-canadien-de-journalisme\/","url":"https:\/\/nna-ccj.ca\/fr\/les-nominations-sont-devoilees-pour-le-71e-concours-canadien-de-journalisme\/","name":"Les nominations sont d\u00e9voil\u00e9es pour le 71e Concours canadien de journalisme - National Newspaper Awards","isPartOf":{"@id":"https:\/\/nna-ccj.ca\/#website"},"datePublished":"2020-03-17T17:06:09+00:00","dateModified":"2020-03-22T16:05:49+00:00","author":{"@id":"https:\/\/nna-ccj.ca\/#\/schema\/person\/852889aa6e5f4e36a5de6a7061fa9265"},"breadcrumb":{"@id":"https:\/\/nna-ccj.ca\/fr\/les-nominations-sont-devoilees-pour-le-71e-concours-canadien-de-journalisme\/#breadcrumb"},"inLanguage":"fr-FR","potentialAction":[{"@type":"ReadAction","target":["https:\/\/nna-ccj.ca\/fr\/les-nominations-sont-devoilees-pour-le-71e-concours-canadien-de-journalisme\/"]}]},{"@type":"BreadcrumbList","@id":"https:\/\/nna-ccj.ca\/fr\/les-nominations-sont-devoilees-pour-le-71e-concours-canadien-de-journalisme\/#breadcrumb","itemListElement":[{"@type":"ListItem","position":1,"name":"Home","item":"https:\/\/nna-ccj.ca\/fr\/"},{"@type":"ListItem","position":2,"name":"Les nominations sont d\u00e9voil\u00e9es pour le 71e Concours canadien de journalisme"}]},{"@type":"WebSite","@id":"https:\/\/nna-ccj.ca\/#website","url":"https:\/\/nna-ccj.ca\/","name":"National Newspaper Awards","description":"Honouring the best in Canadian Journalism since 1949","potentialAction":[{"@type":"SearchAction","target":{"@type":"EntryPoint","urlTemplate":"https:\/\/nna-ccj.ca\/?s={search_term_string}"},"query-input":{"@type":"PropertyValueSpecification","valueRequired":true,"valueName":"search_term_string"}}],"inLanguage":"fr-FR"},{"@type":"Person","@id":"https:\/\/nna-ccj.ca\/#\/schema\/person\/852889aa6e5f4e36a5de6a7061fa9265","name":"Bev Wake","image":{"@type":"ImageObject","inLanguage":"fr-FR","@id":"https:\/\/secure.gravatar.com\/avatar\/6f255ad4a88f2733c38f1b74099dac215238b154831bab54b8f9cdd242fd2d57?s=96&d=mm&r=g","url":"https:\/\/secure.gravatar.com\/avatar\/6f255ad4a88f2733c38f1b74099dac215238b154831bab54b8f9cdd242fd2d57?s=96&d=mm&r=g","contentUrl":"https:\/\/secure.gravatar.com\/avatar\/6f255ad4a88f2733c38f1b74099dac215238b154831bab54b8f9cdd242fd2d57?s=96&d=mm&r=g","caption":"Bev Wake"},"url":"https:\/\/nna-ccj.ca\/fr\/author\/paulwoods\/"}]}},"jetpack_featured_media_url":"","jetpack_sharing_enabled":true,"_links":{"self":[{"href":"https:\/\/nna-ccj.ca\/fr\/wp-json\/wp\/v2\/posts\/5607","targetHints":{"allow":["GET"]}}],"collection":[{"href":"https:\/\/nna-ccj.ca\/fr\/wp-json\/wp\/v2\/posts"}],"about":[{"href":"https:\/\/nna-ccj.ca\/fr\/wp-json\/wp\/v2\/types\/post"}],"author":[{"embeddable":true,"href":"https:\/\/nna-ccj.ca\/fr\/wp-json\/wp\/v2\/users\/4"}],"replies":[{"embeddable":true,"href":"https:\/\/nna-ccj.ca\/fr\/wp-json\/wp\/v2\/comments?post=5607"}],"version-history":[{"count":7,"href":"https:\/\/nna-ccj.ca\/fr\/wp-json\/wp\/v2\/posts\/5607\/revisions"}],"predecessor-version":[{"id":5629,"href":"https:\/\/nna-ccj.ca\/fr\/wp-json\/wp\/v2\/posts\/5607\/revisions\/5629"}],"wp:attachment":[{"href":"https:\/\/nna-ccj.ca\/fr\/wp-json\/wp\/v2\/media?parent=5607"}],"wp:term":[{"taxonomy":"category","embeddable":true,"href":"https:\/\/nna-ccj.ca\/fr\/wp-json\/wp\/v2\/categories?post=5607"},{"taxonomy":"post_tag","embeddable":true,"href":"https:\/\/nna-ccj.ca\/fr\/wp-json\/wp\/v2\/tags?post=5607"}],"curies":[{"name":"wp","href":"https:\/\/api.w.org\/{rel}","templated":true}]}}