{"id":5822,"date":"2021-03-18T11:00:54","date_gmt":"2021-03-18T15:00:54","guid":{"rendered":"https:\/\/nna-ccj.ca\/?p=5822"},"modified":"2021-03-18T16:13:14","modified_gmt":"2021-03-18T20:13:14","slug":"les-nominations-sont-devoilees-pour-le-concours-canadien-de-journalisme-de-2020","status":"publish","type":"post","link":"https:\/\/nna-ccj.ca\/fr\/les-nominations-sont-devoilees-pour-le-concours-canadien-de-journalisme-de-2020\/","title":{"rendered":"Les nominations sont d\u00e9voil\u00e9es pour le Concours canadien de journalisme de 2020"},"content":{"rendered":"<p><span style=\"color: #000000;\">TORONTO, le 18 mars 2021 \u2013 La couverture de la COVID-19, des reportages \u00e0 la premi\u00e8re personne et photos saisissantes aux enqu\u00eates en profondeur et aux caricatures mordantes, a domin\u00e9 \u00e0 l\u2019annonce des nominations pour le Concours canadien de journalisme de 2020.<\/span><\/p>\n<p><span style=\"color: #000000;\">Pr\u00e8s de la moiti\u00e9 des finalistes ont \u00e9t\u00e9 mis en nomination pour du travail reli\u00e9 d\u2019une certaine fa\u00e7on \u00e0 la pand\u00e9mie.<\/span><\/p>\n<p><span style=\"color: #000000;\">Il y a 66 finalistes provenant de 20 organisations dans 22 cat\u00e9gories, incluant une nouvelle cat\u00e9gorie (reportage soutenu). Les finalistes ont \u00e9t\u00e9 s\u00e9lectionn\u00e9s par des comit\u00e9s de trois juges dans chaque cat\u00e9gorie parmi les 926 candidatures soumises pour du travail accompli en 2020.<\/span><\/p>\n<p><span style=\"color: #000000;\">On annoncera les laur\u00e9ats le vendredi 7 mai \u00e0 19h, HE. Le nom du ou de la journaliste de l\u2019ann\u00e9e 2020, choisi(e) parmi les gagnants de cette ann\u00e9e sera aussi annonc\u00e9 \u00e0 ce moment-l\u00e0.<\/span><\/p>\n<p><span style=\"color: #000000;\">Le Globe and Mail compte le plus de finalistes avec 18, en incluant deux dans chacune de ces quatre cat\u00e9gories : International (Prix Norman Webster), Grande Enqu\u00eate (Prix George Brown), Pr\u00e9sentation et Sport.<\/span><\/p>\n<p><span style=\"color: #000000;\">Les autres organisations comptant plusieurs finalistes sont :<\/span><\/p>\n<p style=\"padding-left: 40px;\"><span style=\"color: #000000;\">\u2022 La Presse avec neuf<\/span><br \/>\n<span style=\"color: #000000;\">\u2022 Le Toronto Star avec huit, incluant une nomination partag\u00e9e avec le Halifax Chronicle Herald<\/span><br \/>\n<span style=\"color: #000000;\">\u2022 La Presse Canadienne avec huit, incluant les trois finalistes de la cat\u00e9gorie de la Photo de nouvelle de derni\u00e8re heure et deux finalistes dans les cat\u00e9gories Photo de sport et Photo de reportage<\/span><br \/>\n<span style=\"color: #000000;\">\u2022 Le Devoir avec quatre<\/span><br \/>\n<span style=\"color: #000000;\">\u2022 Le Halifax Chronicle Herald et le National Post avec trois chacun; l\u2019une des nominations du Chroncicle Herald est partag\u00e9e avec le Toronto Star<\/span><br \/>\n<span style=\"color: #000000;\">\u2022 Le Winnipeg Free Press et le Waterloo Region Record avec deux chacun<\/span><\/p>\n<p><span style=\"color: #000000;\">D\u2019autres faits saillants sur les nominations de cette ann\u00e9e :<\/span><\/p>\n<p style=\"padding-left: 40px;\"><span style=\"color: #000000;\">\u2022 Cinq personnes sont finalistes dans deux cat\u00e9gories : Tom Blackwell du National Post pour l\u2019\u00c9conomie et l\u2019International (Prix Norman Webster); Isabelle Hachey de La Presse pour la Chronique et le Reportage \u00e9labor\u00e9 (Prix William Southam); Rachel Mendleson du Toronto Star (finaliste avec des coll\u00e8gues du Star) pour le Texte explicatif et Grande Enqu\u00eate (Prix George Brown); Tristan P\u00e9loquin de La Presse pour le Texte explicatif et comme membre d\u2019une \u00e9quipe finaliste en Politique (Prix John Wesley Dafoe); et Grant Robertson du Globe and Mail pour le Texte explicatif (avec des coll\u00e8gues du Globe) et Grande Enqu\u00eate (Prix George Brown).<\/span><br \/>\n<span style=\"color: #000000;\">\u2022 Grant Robertson a maintenant \u00e9t\u00e9 finaliste 15 fois, \u00e0 \u00e9galit\u00e9 au troisi\u00e8me rang de l\u2019histoire du concours.<\/span><br \/>\n<span style=\"color: #000000;\">\u2022 Bruce MacKinnon (Caricature) et Mark MacKinnon (Prix Norman Webster pour le reportage international) sont tous deux en nomination pour une 12e fois.<\/span><br \/>\n<span style=\"color: #000000;\">\u2022 Isabelle Hachey est maintenant finaliste pour une 11e fois.<\/span><br \/>\n<span style=\"color: #000000;\">\u2022 Geoffrey York obtient sa 10e nomination comme membre de l\u2019\u00e9quipe du Globe and Mail dans la cat\u00e9gorie Politique (Prix John Wesley Dafoe).<\/span><br \/>\n<span style=\"color: #000000;\">\u2022 Melissa Martin du Winnipeg Free Press est finaliste pour une huiti\u00e8me fois, et une sixi\u00e8me ann\u00e9e cons\u00e9cutive.<\/span><br \/>\n<span style=\"color: #000000;\">\u2022 Steve Russell du Toronto Star est aussi finaliste pour une huiti\u00e8me fois.<\/span><br \/>\n<span style=\"color: #000000;\">\u2022 Andrew Vaughan et Frank Gunn, tous deux de La Presse Canadienne, sont chacun en nomination pour une septi\u00e8me fois.<\/span><br \/>\n<span style=\"color: #000000;\">\u2022 Erin Anderssen du Globe and Mail, Gabrielle Duchaine de La Presse, Darryl Dyck de La Presse Canadienne et Paul Waldie du Globe sont finalistes pour la sixi\u00e8me fois.<\/span><br \/>\n<span style=\"color: #000000;\">\u2022 Le Kenora Miner and News a obtenu sa toute premi\u00e8re nomination pour la cat\u00e9gorie de l\u2019\u00c9ditorial (Prix Claude Ryan).<\/span><\/p>\n<p><span style=\"color: #000000;\">Il s\u2019agit de la 72e ann\u00e9e du programme de prix et de la 32e en vertu de la pr\u00e9sente structure administrative. Le Concours a \u00e9t\u00e9 cr\u00e9\u00e9 par le Toronto Press Club en 1949 pour encourager et r\u00e9compenser l\u2019excellence du travail journalistique dans les quotidiens au Canada. Le concours est maintenant ouvert aux journaux quotidiens, agences de presse et sites de nouvelles en ligne dont les candidatures ont \u00e9t\u00e9 approuv\u00e9es par le conseil des gouverneurs du CCJ.<\/span><\/p>\n<p><span style=\"color: #000000;\">Gr\u00e2ce \u00e0 la contribution de commanditaires, sept des prix parmi les 21 cat\u00e9gories ont \u00e9t\u00e9 nomm\u00e9s en l\u2019honneur d\u2019importantes personnalit\u00e9s du journalisme, soit :<\/span><\/p>\n<p style=\"padding-left: 40px;\"><span style=\"color: #000000;\">\u2022 Le Prix George Brown pour Grande Enqu\u00eate (commandit\u00e9 par le Globe and Mail)<\/span><br \/>\n<span style=\"color: #000000;\">\u2022 Le Prix John Wesley Dafoe pour la Politique (commandit\u00e9 par Ron Stern)<\/span><br \/>\n<span style=\"color: #000000;\">\u2022 Le Prix E. Cora Hind Award pour le Journalisme sp\u00e9cialis\u00e9 (commandit\u00e9 par le Nellie McClung Heritage Site)<\/span><br \/>\n<span style=\"color: #000000;\">\u2022 Le Prix Bob Levin pour le Reportage bref (commandit\u00e9 par le Globe and Mail)<\/span><br \/>\n<span style=\"color: #000000;\">\u2022 Le Prix Claude Ryan pour l\u2019\u00c9ditorial (commandit\u00e9 par la famille Ryan)<\/span><br \/>\n<span style=\"color: #000000;\">\u2022 Le Prix William Southam pour le Reportage \u00e9labor\u00e9 (commandit\u00e9 par la famille Southam)<\/span><br \/>\n<span style=\"color: #000000;\">\u2022 Le Prix Norman Webster pour le Reportage international (commandit\u00e9 par la famille Webster)<\/span><\/p>\n<p>&nbsp;<\/p>\n<p><span style=\"color: #000000;\"><strong>Les finalistes dans toutes les cat\u00e9gories :<\/strong><\/span><\/p>\n<p><span style=\"color: #000000;\"><strong>Arts and Entertainment \/ Culture<\/strong><\/span><br \/>\n<span style=\"color: #000000;\">\u2022 <strong>Am\u00e9li Pineda, Le Devoir<\/strong>, pour une enqu\u00eate sur les accusations d\u2019agression ou d\u2019inconduite sexuelle de sept femmes contre l\u2019humoriste Julien Lacroix.<\/span><br \/>\n<span style=\"color: #000000;\">\u2022 <strong>Johanna Schneller, Globe and Mail<\/strong>, pour des chroniques traitant des sujets de l\u2019identit\u00e9 de genre et de politique de genre dans le milieu artistique.<\/span><br \/>\n<span style=\"color: #000000;\">\u2022 <strong>Jean Siag, La Presse<\/strong>, pour ses articles sur les inconduites et abus sexuels dans le monde du cirque.<\/span><\/p>\n<p><span style=\"color: #000000;\"><strong>E. Cora Hind Award for Beat Reporting \/ Prix E. Cora Hind pour Journalisme sp\u00e9cialis\u00e9<\/strong><\/span><br \/>\n<span style=\"color: #000000;\">\u2022 <strong>Aaron Derfel, Montreal Gazette<\/strong>, pour son travail dans le secteur de la sant\u00e9 et de la COVID-19.<\/span><br \/>\n<span style=\"color: #000000;\">\u2022 <strong>Leah Gerber, Waterloo Region Record<\/strong>, pour son travail dans le secteur de l\u2019environnement, plus particuli\u00e8rement le bassin versant de Grand River.<\/span><br \/>\n<span style=\"color: #000000;\">\u2022 <strong>Ariane Lacoursi\u00e8re, La Presse<\/strong>, pour son travail de couverture de la sant\u00e9, plus particuli\u00e8rement la COVID-19.<\/span><\/p>\n<p><span style=\"color: #000000;\"><strong>Breaking News \/ Nouvelle de derni\u00e8re heure<\/strong><\/span><br \/>\n<span style=\"color: #000000;\">\u2022 <strong>La Presse Canadienne<\/strong> pour la couverture de la tuerie qui a caus\u00e9 la mort de 22 personnes en Nouvelle-\u00c9cosse.<\/span><br \/>\n<span style=\"color: #000000;\">\u2022 <strong>The Globe and Mail<\/strong> pour la couverture l\u2019\u00e9crasement d\u2019un avion civil abattu en Iran causant la mort de 176 personnes, incluant des douzaines de Canadiens.<\/span><br \/>\n<span style=\"color: #000000;\">\u2022 <strong>The Toronto Star<\/strong> pour la couverture l\u2019\u00e9crasement d\u2019un avion civil abattu en Iran causant la mort de 176 personnes, incluant des douzaines de Canadiens.<\/span><\/p>\n<p><span style=\"color: #000000;\"><strong>Breaking News Photo \/ Photo de nouvelle de derni\u00e8re heure<\/strong><\/span><br \/>\n<span style=\"color: #000000;\">\u2022 <strong>Darryl Dyck, La Presse Canadienne<\/strong>, pour une photo de deux hommes se bagarrant lors d\u2019une manifestation de Black Lives Matter \u00e0 Vancouver.<\/span><br \/>\n<span style=\"color: #000000;\">\u2022 <strong>Andrew Vaughan, La Presse Canadienne<\/strong>, pour une photo du corps de Gabriel Wortman, abattu par la police \u00e0 une station-service apr\u00e8s avoir tu\u00e9 22 personnes lors d\u2019une tuerie de 13 heures en Nouvelle-\u00c9cosse.<\/span><br \/>\n<span style=\"color: #000000;\">\u2022 <strong>Chris Young, La Presse Canadienne<\/strong>, pour une photo montrant l\u2019angoisse d\u2019un homme alors qu\u2019on d\u00e9mant\u00e8le le campement habit\u00e9 par des sans-abris \u00e0 Toronto.<\/span><\/p>\n<p><span style=\"color: #000000;\"><strong>Business \/ \u00c9conomie<\/strong><\/span><br \/>\n<span style=\"color: #000000;\">\u2022 <strong>Tom Blackwell, National Post<\/strong>, pour un reportage faisant le lien entre l\u2019effondrement de Nortel et l\u2019essor de Huawei.<\/span><br \/>\n<span style=\"color: #000000;\">\u2022 <strong>Kathryn Blaze Baum, Tavia Grant et Carrie Tait, Globe and Mail<\/strong>, pour la mise en \u00e9vidence de la fa\u00e7on dont la sant\u00e9 et s\u00e9curit\u00e9 de certains travailleurs de la cha\u00eene d\u2019approvisionnement alimentaire ont \u00e9t\u00e9 compromises durant la pand\u00e9mie..<\/span><br \/>\n<span style=\"color: #000000;\">\u2022 <strong>Kenyon Wallace, Marco Chown Oved, Ed Tubb et Brendan Kennedy, Toronto Star<\/strong>, pour avoir r\u00e9v\u00e9l\u00e9 que le taux des d\u00e9c\u00e8s dus \u00e0 la COVID-19 \u00e9taient plus \u00e9lev\u00e9s dans les foyers \u00e0 but lucratif que dans les autres types de r\u00e9sidences de soins \u00e0 long terme.<\/span><\/p>\n<p><span style=\"color: #000000;\"><strong>Columns \/ Chronique<\/strong><\/span><br \/>\n<span style=\"color: #000000;\">\u2022 <strong>Isabelle Hachey, La Presse<\/strong><\/span><br \/>\n<span style=\"color: #000000;\">\u2022 <strong>Andr\u00e9 Picard, Globe and Mail<\/strong><\/span><br \/>\n<span style=\"color: #000000;\">\u2022 <strong>Richard Warnica, National Post<\/strong><\/span><\/p>\n<p><span style=\"color: #000000;\"><strong>Editorial Cartooning \/ Caricature<\/strong><\/span><br \/>\n<span style=\"color: #000000;\">\u2022 <strong>Michael de Adder, Halifax Chronicle Herald\/Toronto Star<\/strong><\/span><br \/>\n<span style=\"color: #000000;\">\u2022 <strong>Graeme MacKay, Hamilton Spectator<\/strong><\/span><br \/>\n<span style=\"color: #000000;\">\u2022 <strong>Bruce MacKinnon, Halifax Chronicle Herald<\/strong><\/span><\/p>\n<p><span style=\"color: #000000;\"><strong>Claude Ryan Award for Editorial Writing \/ Prix Claude Ryan pour \u00c9ditorial<\/strong><\/span><br \/>\n<span style=\"color: #000000;\">\u2022 <strong>Fran\u00e7ois Cardinal, La Presse<\/strong><\/span><br \/>\n<span style=\"color: #000000;\">\u2022 <strong>Heather Persson, Saskatoon StarPhoenix\/Regina Leader-Post<\/strong><\/span><br \/>\n<span style=\"color: #000000;\">\u2022 <strong>Ryan Stelter, Kenora Miner and News<\/strong><\/span><\/p>\n<p><span style=\"color: #000000;\"><strong>Explanatory Work \/ Texte explicatif<\/strong><\/span><br \/>\n<span style=\"color: #000000;\">\u2022 <strong>Kate Allen, Rachel Mendleson, Jennifer Yang et Andrew Bailey, Toronto Star<\/strong>, pour l\u2019utilisation de graphiques, cartes et analyses afin de v\u00e9rifier les hypoth\u00e8ses sur la fa\u00e7on dont la premi\u00e8re vague de COVID-19 s\u2019est r\u00e9pandue \u00e0 Toronto.<\/span><br \/>\n<span style=\"color: #000000;\">\u2022 <strong>Tristan P\u00e9loquin, La Presse<\/strong>, pour avoir expliqu\u00e9 concr\u00e8tement les risques et dangers associ\u00e9s aux technologies d\u2019intelligence artificielle comme la reconnaissance faciale.<\/span><br \/>\n<span style=\"color: #000000;\">\u2022 <strong>Kathy Tomlinson and Grant Robertson, Globe and Mail<\/strong>, pour avoir pass\u00e9 au crible les documents de sant\u00e9 publique afin de poser une question fondamentale aux premiers jours de la pand\u00e9mie : \u00ab\u00c0 quel point le gouvernement canadien a-t-il suivi ses propres plans?\u00bb<\/span><\/p>\n<p><span style=\"color: #000000;\"><strong>Feature Photo \/ Photo de reportage<\/strong><\/span><br \/>\n<span style=\"color: #000000;\">\u2022 <strong>Nathan Denette, La Presse Canadienne<\/strong>, pour la photo d\u2019une femme serrant sa m\u00e8re dans ses bras, s\u00e9par\u00e9e par une toile de plastique qu\u2019elle a confectionn\u00e9e pour que la famille puisse continuer \u00e0 se toucher malgr\u00e9 les restrictions li\u00e9es \u00e0 la COVID-19.<\/span><br \/>\n<span style=\"color: #000000;\">\u2022 <strong>Steve Russell, Toronto Star<\/strong>, pour une image d\u2019un couple mangeant sur la terrasse d\u2019un restaurant malgr\u00e9 une forte pluie.<\/span><br \/>\n<span style=\"color: #000000;\">\u2022 <strong>Fred Thornhill, Canadian Press<\/strong>, pour une photo d\u2019un pagayeur profitant du petit matin sur la voie navigable Trent-Severn.<\/span><\/p>\n<p><span style=\"color: #000000;\"><strong>General News Photo \/ Photo d\u2019actualit\u00e9 g\u00e9n\u00e9rale<\/strong><\/span><br \/>\n<span style=\"color: #000000;\">\u2022 <strong>Veronica Henri, Toronto Sun<\/strong>, pour la poignante image d\u2019une m\u00e8re dans un centre de soins de longue dur\u00e9e qui regarde sa fille \u00e0 travers une fen\u00eatre durant une s\u00e9paration due \u00e0 la COVID-19.<\/span><br \/>\n<span style=\"color: #000000;\">\u2022 <strong>Jacques Nadeau, Le Devoir<\/strong>, pour une photo de la vie dans un centre de soins \u00e0 long terme au Qu\u00e9bec durant la pand\u00e9mie, incluant un travailleur rev\u00eatu d\u2019une combinaison \u00abhazmat\u00bb.<\/span><br \/>\n<span style=\"color: #000000;\">\u2022 <strong>Carlos Osorio, Reuters<\/strong>, pour une photo qui d\u00e9montre habilement les diff\u00e9rences concernant la COVID-19 au Canada et aux \u00c9.-U. : un bateau de tourisme canadien sur la rivi\u00e8re Niagara \u00e9tait limit\u00e9 \u00e0 six passagers, alors que le bateau am\u00e9ricain \u00e9tait bond\u00e9.<\/span><\/p>\n<p><span style=\"color: #000000;\"><strong>Norman Webster Award for International Reporting \/ Prix Norman Webster pour Reportage \u00e0 caract\u00e8re international<\/strong><\/span><br \/>\n<span style=\"color: #000000;\">\u2022 <strong>Tom Blackwell, National Post<\/strong>, pour trois reportages qui d\u00e9peignent l\u2019Oregon comme l\u2019\u00e9picentre de l\u2019agitation sociale et la destruction naturelle durant la saison \u00e9lectorale am\u00e9ricaine.<\/span><br \/>\n<span style=\"color: #000000;\">\u2022 <strong>Mark MacKinnon, Globe and Mail<\/strong>, pour avoir d\u00e9montr\u00e9 comment Vladimir Poutine a chang\u00e9 la Russie, l\u2019Europe de l\u2019Est et le monde entier.<\/span><br \/>\n<span style=\"color: #000000;\">\u2022 <strong>Nathan VanderKlippe, Globe and Mail<\/strong>, pour la couverture de la r\u00e9pression dans la r\u00e9gion de Xianjiang en Chine.<\/span><\/p>\n<p><span style=\"color: #000000;\"><strong>George Brown Award for Investigations \/ Prix George Brown pour Grande enqu\u00eate<\/strong><\/span><br \/>\n<span style=\"color: #000000;\">\u2022 <strong>Tom Cardoso, Globe and Mail<\/strong>, pour une enqu\u00eate qui a r\u00e9v\u00e9l\u00e9 une discrimination syst\u00e9mique envers les Autochtones, les Noirs et les femmes en prison au sein du syst\u00e8me correctionnel canadien.<\/span><br \/>\n<span style=\"color: #000000;\">\u2022 <strong>Rachel Mendleson et Wendy Gillis, Toronto Star<\/strong>, pour une recherche approfondie sur la fa\u00e7on dont les forces polici\u00e8res usent de force physique contre les citoyens canadiens.<\/span><br \/>\n<span style=\"color: #000000;\">\u2022 <strong>Grant Robertson, Globe and Mail<\/strong>, pour avoir d\u00e9voil\u00e9 des preuves consid\u00e9rables d\u00e9montrant que le gouvernement f\u00e9d\u00e9ral n\u2019\u00e9tait pas pr\u00eat pour la pand\u00e9mie parce que le R\u00e9seau mondial d\u2019information en sant\u00e9 publique n\u2019\u00e9tait plus fonctionnel.<\/span><\/p>\n<p><span style=\"color: #000000;\"><strong>Local Reporting \/ Reportage \u00e0 caract\u00e8re local<\/strong><\/span><br \/>\n<span style=\"color: #000000;\">\u2022 <strong>Karla Meza, Le Devoir<\/strong>, pour des reportages expliquant comment la COVID-19 a \u00e9t\u00e9 particuli\u00e8rement difficile pour les demandeurs d\u2019asile cherchant \u00e0 se b\u00e2tir une nouvelle vie au Canada.<\/span><br \/>\n<span style=\"color: #000000;\">\u2022 <strong>Terry Pender, Waterloo Region Record<\/strong>, pour un reportage d\u00e9taill\u00e9 sur la fa\u00e7on dont un membre de l\u2019escadron de la mort nazi de la Deuxi\u00e8me Guerre mondiale a \u00e9vit\u00e9 la d\u00e9portation malgr\u00e9 des preuves accablantes, dont la plupart sont demeur\u00e9es cach\u00e9es au public.<\/span><br \/>\n<span style=\"color: #000000;\">\u2022 <strong>The Saskatoon StarPhoenix<\/strong> pour \u00abAbandoned Saskatchewan\u00bb, un travail de reconnaissance de la profonde m\u00e9tamorphose d\u2019une province qui est si fi\u00e8re de ses origines rurales, mais qui s\u2019urbanise de plus en plus.<\/span><\/p>\n<p><span style=\"color: #000000;\"><strong>William Southam Award for Long Feature \/ Prix William Southam pour Reportage \u00e9labor\u00e9<\/strong><\/span><br \/>\n<span style=\"color: #000000;\">\u2022 <strong>Isabelle Hachey, La Presse<\/strong>, pour \u00abCinq jours en zone rouge\u00bb, un compte rendu \u00e0 la premi\u00e8re personne du travail dans un CHSLD.<\/span><br \/>\n<span style=\"color: #000000;\">\u2022 <strong>Roger Levesque, Edmonton Journal\/Edmonton Sun<\/strong>, pour une triste m\u00e9ditation sur un diagnostic de cancer terminal , re\u00e7u et finalement accept\u00e9, au cours d\u2019une ann\u00e9e o\u00f9 la mort semble r\u00f4der partout.<\/span><br \/>\n<span style=\"color: #000000;\">\u2022 <strong>Jana G. Pruden, Globe and Mail<\/strong>, pour un examen approfondi de la fa\u00e7on dont une cause impliquant 13 accusations d\u2019agression sexuelle a \u00e9t\u00e9 entendue en cour, et de ce que cela nous apprend sur la mani\u00e8re dont le syst\u00e8me judiciaire traite ce genre de crimes.<\/span><\/p>\n<p><span style=\"color: #000000;\"><strong>John Wesley Dafoe Award for Politics \/ Prix John Wesley Dafoe pour Politique<\/strong><\/span><br \/>\n<span style=\"color: #000000;\">\u2022 <strong>Bill Curry, Marieke Walsh, Paul Waldie, Geoffrey York et Jaren Kerr, Globe and Mail<\/strong>, pour un examen approfondi des questions de politique publique que soul\u00e8ve le scandale WE Charity et de l\u2019organisation WE Charity elle-m\u00eame.<\/span><br \/>\n<span style=\"color: #000000;\">\u2022 <strong>Dan Fumano, Vancouver Sun<\/strong>, pour un reportage sur des all\u00e9gations troublantes de racisme syst\u00e9mique au sein de la police de Vancouver.<\/span><br \/>\n<span style=\"color: #000000;\">\u2022 <strong>Katia Gagnon, Kathleen L\u00e9vesque et Tristan P\u00e9loquin, La Presse<\/strong>, pour un portrait remarquable de \u00abl\u2019homme de l\u2019ombre\u00bb, Marc Bibeau, l\u2019ancien grand argentier du Parti lib\u00e9ral du Qu\u00e9bec, au sein duquel il aurait exerc\u00e9 une \u00e9norme influence.<\/span><\/p>\n<p><span style=\"color: #000000;\"><strong>Presentation\/Design \/ Pr\u00e9sentation\/Conception graphique<\/strong><\/span><br \/>\n<span style=\"color: #000000;\">\u2022 <strong>Bob Bishop, Toronto Star<\/strong>, pour la conception graphique de la une qui utilise habilement les 50 \u00c9tats des \u00c9.-U. pour illustrer une \u00e9lection dont l\u2019issue ne sera certainement pas connue au moment o\u00f9 les lecteurs auront leur journal en main.<\/span><br \/>\n<span style=\"color: #000000;\">\u2022 <strong>Laura Blenkinsop, Jeremy Agius et Timothy Moore, Globe and Mail<\/strong>, pour une approche interactive qui a aid\u00e9 les lecteurs \u00e0 se familiariser avec l\u2019exp\u00e9rience v\u00e9cue par des milliers de familles mexicaines qui ont d\u00fb chercher des proches disparus depuis le d\u00e9but de la \u00abguerre contre les drogues\u00bb au Mexique il y a 15 ans.<\/span><br \/>\n<span style=\"color: #000000;\">\u2022 Une \u00e9quipe du <strong>Globe and Mail<\/strong>, pour une exp\u00e9rience immersive pr\u00e9sentant des photos qui documentent comment le Canada et ses alli\u00e9s se pr\u00e9parent pour un avenir incertain fa\u00e7onn\u00e9 par les changements climatiques dans l\u2019Arctique.<\/span><\/p>\n<p><span style=\"color: #000000;\"><strong>Project of the Year \/ Projet de l\u2019ann\u00e9e<\/strong><\/span><br \/>\n<span style=\"color: #000000;\">\u2022 <strong>Gabrielle Duchaine et Caroline Touzin, La Presse<\/strong>, pour avoir enqu\u00eat\u00e9 sur l\u2019explosion de la pornographie juv\u00e9nile sur l\u2019Internet et avoir d\u00e9couvert comment les pr\u00e9dateurs s\u2019y prennent en ligne pour profiter de la pand\u00e9mie afin d\u2019accro\u00eetre l\u2019exploitation et les abus envers les mineurs.<\/span><br \/>\n<span style=\"color: #000000;\">\u2022 <strong>Le Devoir<\/strong>, pour son travail de documentation et d\u2019enqu\u00eate sur la fa\u00e7on dont la COVID-19 a affect\u00e9 presque tous les aspects de la vie au Qu\u00e9bec en 2020.<\/span><br \/>\n<span style=\"color: #000000;\">\u2022 <strong>The Toronto Star<\/strong>, pour la r\u00e9invention de sa salle de r\u00e9daction afin d\u2019offrir aux lecteurs un lien vital d\u2019information et de conseils pour les aider \u00e0 composer avec le pire d\u00e9sastre de sant\u00e9 auquel le Canada a fait face jusqu\u2019ici.<\/span><\/p>\n<p><span style=\"color: #000000;\"><strong>Bob Levin Award for Short Feature \/ Prix Bob Levin pour Reportage bref<\/strong><\/span><br \/>\n<span style=\"color: #000000;\">\u2022 <strong>Erin Anderssen, Globe and Mail<\/strong>, pour son reportage \u00e9mouvant sur une travailleuse qui a offert du r\u00e9confort aux r\u00e9sidants d\u2019un centre de soins de longue dur\u00e9e pour qu\u2019ils n\u2019aient pas \u00e0 passer leurs derniers moments seuls.<\/span><br \/>\n<span style=\"color: #000000;\">\u2022 <strong>Louise Dickson, Victoria Times Colonist<\/strong>, pour l\u2019histoire d\u00e9chirante d\u2019es efforts incessants d\u2019une m\u00e8re pour sauver son fils toxicomane.<\/span><br \/>\n<span style=\"color: #000000;\">\u2022 <strong>Ben Waldman, Winnipeg Free Press<\/strong>, pour avoir soulign\u00e9 les tentatives d\u2019une famille pour sauver la saison de hockey en parall\u00e8le avec les efforts \u00e0 travers le pays pour maintenir les rep\u00e8res dans un monde boulevers\u00e9 par la COVID-19.<\/span><\/p>\n<p><span style=\"color: #000000;\"><strong>Sports \/ Sport<\/strong><\/span><br \/>\n<span style=\"color: #000000;\">\u2022 <strong>Michael Doyle, Globe and Mail<\/strong>, pour avoir d\u00e9nonc\u00e9 les abus sexuels, psychologiques et physiques envers des athl\u00e8tes d\u2019\u00e9lite par la personne la plus puissante du monde de l\u2019athl\u00e9tisme canadien.<\/span><br \/>\n<span style=\"color: #000000;\">\u2022 <strong>Cathal Kelly, Globe and Mail<\/strong>, pour des chroniques sur le championnat de curling Brier, la l\u00e9gende du foot Diego Maradona et la banalit\u00e9 des entrevues d\u2019athl\u00e8tes.<\/span><br \/>\n<span style=\"color: #000000;\">\u2022 <strong>Melissa Martin, Winnipeg Free Press<\/strong>, pour \u00abFirst Nations Voices, Canada\u2019s Game\u00bb, un aper\u00e7u des coulisses de l\u2019\u00e9mission Hometown Hockey d\u2019APTN, t\u00e9l\u00e9diffus\u00e9e en langue crie.<\/span><\/p>\n<p><span style=\"color: #000000;\"><strong>Sports Photo \/ Photo de sport<\/strong><\/span><br \/>\n<span style=\"color: #000000;\">\u2022 <strong>Jacques Boissinot, La Presse Canadienne<\/strong>, pour l\u2019image d\u2019une skieuse acrobatique en f\u00e2cheuse position apr\u00e8s avoir rat\u00e9 un saut.<\/span><br \/>\n<span style=\"color: #000000;\">\u2022 <strong>Frank Gunn, La Presse Canadienne<\/strong>, pour la photo d\u2019une collision entre un joueur des Maple Leafs de Toronto et le gardien des Hurricanes de la Caroline.<\/span><br \/>\n<span style=\"color: #000000;\">\u2022 <strong>Leah Hennel, Globe and Mail<\/strong>, pour la photo d\u2019une athl\u00e8te olympique de water-polo s\u2019entrainant dans une piscine de fortune fabriqu\u00e9e avec des bottes de foin recouvertes de toiles.<\/span><\/p>\n<p><span style=\"color: #000000;\"><strong>Sustained News Coverage \/ Reportage soutenu<\/strong><\/span><br \/>\n<span style=\"color: #000000;\">\u2022 <strong>Aaron Beswick, Halifax Chronicle Herald<\/strong>, pour avoir fourni de l\u2019analyse et du contexte sur la violence qui a \u00e9clat\u00e9 sur mer et sur terre \u00e0 la suite de la d\u00e9cision des Micmacs de poursuivre leurs activit\u00e9s de p\u00eache comme moyen de subsistance convenable conform\u00e9ment \u00e0 une d\u00e9cision de la Cour supr\u00eame.<\/span><br \/>\n<span style=\"color: #000000;\">\u2022 <strong>The Globe and Mail<\/strong>, pour la couverture de la d\u00e9vastation caus\u00e9e par les infections de COVID-19 au sein des centres de soins de longue dur\u00e9e au Canada.<\/span><br \/>\n<span style=\"color: #000000;\">\u2022 <strong>La Presse<\/strong>, pour la couverture de la crise qui a \u00e9clat\u00e9 au Qu\u00e9bec dans les centres de soins de longue dur\u00e9e durant la pand\u00e9mie de COVID-19.<\/span><\/p>\n<p><span style=\"color: #000000;\">On peut consulter les candidatures mises en nomination sur le site web du CCJ \u00e0 www.nna-ccj.ca. Le lien vers les candidatures finalistes se trouve sur le c\u00f4t\u00e9 droit de la page d\u2019accueil, juste sous la photo du Journaliste de l\u2019ann\u00e9e 2019 (Randy Richmond du London Free Press).<\/span><\/p>\n<p><span style=\"color: #000000;\">Pour plus d\u2019information, communiquez avec :<\/span><\/p>\n<p><span style=\"color: #000000;\">Paul Woods<\/span><br \/>\n<span style=\"color: #000000;\">Directeur g\u00e9n\u00e9ral<\/span><br \/>\n<span style=\"color: #000000;\">Concours canadien de journalisme<\/span><br \/>\n<span style=\"color: #000000;\">exec@nna-ccj.ca<\/span><br \/>\n<span style=\"color: #000000;\">905-719-8675<\/span><\/p>\n<p>&nbsp;<\/p>\n","protected":false},"excerpt":{"rendered":"<p>TORONTO, le 18 mars 2021 \u2013 La couverture de la COVID-19, des reportages \u00e0 la premi\u00e8re personne et photos saisissantes aux enqu\u00eates en profondeur et aux<span class=\"excerpt-hellip\"> [\u2026]<\/span><\/p>\n","protected":false},"author":4,"featured_media":0,"comment_status":"closed","ping_status":"closed","sticky":false,"template":"","format":"standard","meta":{"_jetpack_memberships_contains_paid_content":false,"footnotes":""},"categories":[2],"tags":[],"class_list":["post-5822","post","type-post","status-publish","format-standard","hentry","category-non-classifiee"],"yoast_head":"<!-- This site is optimized with the Yoast SEO plugin v27.2 - https:\/\/yoast.com\/product\/yoast-seo-wordpress\/ -->\n<title>Les nominations sont d\u00e9voil\u00e9es pour le Concours canadien de journalisme de 2020 - National Newspaper Awards<\/title>\n<meta name=\"robots\" content=\"index, follow, max-snippet:-1, max-image-preview:large, max-video-preview:-1\" \/>\n<link rel=\"canonical\" href=\"https:\/\/nna-ccj.ca\/fr\/les-nominations-sont-devoilees-pour-le-concours-canadien-de-journalisme-de-2020\/\" \/>\n<meta property=\"og:locale\" content=\"fr_FR\" \/>\n<meta property=\"og:type\" content=\"article\" \/>\n<meta property=\"og:title\" content=\"Les nominations sont d\u00e9voil\u00e9es pour le Concours canadien de journalisme de 2020 - National Newspaper Awards\" \/>\n<meta property=\"og:description\" content=\"TORONTO, le 18 mars 2021 \u2013 La couverture de la COVID-19, des reportages \u00e0 la premi\u00e8re personne et photos saisissantes aux enqu\u00eates en profondeur et aux [\u2026]\" \/>\n<meta property=\"og:url\" content=\"https:\/\/nna-ccj.ca\/fr\/les-nominations-sont-devoilees-pour-le-concours-canadien-de-journalisme-de-2020\/\" \/>\n<meta property=\"og:site_name\" content=\"National Newspaper Awards\" \/>\n<meta property=\"article:published_time\" content=\"2021-03-18T15:00:54+00:00\" \/>\n<meta property=\"article:modified_time\" content=\"2021-03-18T20:13:14+00:00\" \/>\n<meta name=\"author\" content=\"Bev Wake\" \/>\n<meta name=\"twitter:card\" content=\"summary_large_image\" \/>\n<meta name=\"twitter:label1\" content=\"\u00c9crit par\" \/>\n\t<meta name=\"twitter:data1\" content=\"Bev Wake\" \/>\n\t<meta name=\"twitter:label2\" content=\"Dur\u00e9e de lecture estim\u00e9e\" \/>\n\t<meta name=\"twitter:data2\" content=\"13 minutes\" \/>\n<script type=\"application\/ld+json\" class=\"yoast-schema-graph\">{\"@context\":\"https:\/\/schema.org\",\"@graph\":[{\"@type\":\"Article\",\"@id\":\"https:\/\/nna-ccj.ca\/fr\/les-nominations-sont-devoilees-pour-le-concours-canadien-de-journalisme-de-2020\/#article\",\"isPartOf\":{\"@id\":\"https:\/\/nna-ccj.ca\/fr\/les-nominations-sont-devoilees-pour-le-concours-canadien-de-journalisme-de-2020\/\"},\"author\":{\"name\":\"Bev Wake\",\"@id\":\"https:\/\/nna-ccj.ca\/#\/schema\/person\/852889aa6e5f4e36a5de6a7061fa9265\"},\"headline\":\"Les nominations sont d\u00e9voil\u00e9es pour le Concours canadien de journalisme de 2020\",\"datePublished\":\"2021-03-18T15:00:54+00:00\",\"dateModified\":\"2021-03-18T20:13:14+00:00\",\"mainEntityOfPage\":{\"@id\":\"https:\/\/nna-ccj.ca\/fr\/les-nominations-sont-devoilees-pour-le-concours-canadien-de-journalisme-de-2020\/\"},\"wordCount\":2946,\"articleSection\":[\"Non classifi\u00e9(e)\"],\"inLanguage\":\"fr-FR\"},{\"@type\":\"WebPage\",\"@id\":\"https:\/\/nna-ccj.ca\/fr\/les-nominations-sont-devoilees-pour-le-concours-canadien-de-journalisme-de-2020\/\",\"url\":\"https:\/\/nna-ccj.ca\/fr\/les-nominations-sont-devoilees-pour-le-concours-canadien-de-journalisme-de-2020\/\",\"name\":\"Les nominations sont d\u00e9voil\u00e9es pour le Concours canadien de journalisme de 2020 - National Newspaper Awards\",\"isPartOf\":{\"@id\":\"https:\/\/nna-ccj.ca\/#website\"},\"datePublished\":\"2021-03-18T15:00:54+00:00\",\"dateModified\":\"2021-03-18T20:13:14+00:00\",\"author\":{\"@id\":\"https:\/\/nna-ccj.ca\/#\/schema\/person\/852889aa6e5f4e36a5de6a7061fa9265\"},\"breadcrumb\":{\"@id\":\"https:\/\/nna-ccj.ca\/fr\/les-nominations-sont-devoilees-pour-le-concours-canadien-de-journalisme-de-2020\/#breadcrumb\"},\"inLanguage\":\"fr-FR\",\"potentialAction\":[{\"@type\":\"ReadAction\",\"target\":[\"https:\/\/nna-ccj.ca\/fr\/les-nominations-sont-devoilees-pour-le-concours-canadien-de-journalisme-de-2020\/\"]}]},{\"@type\":\"BreadcrumbList\",\"@id\":\"https:\/\/nna-ccj.ca\/fr\/les-nominations-sont-devoilees-pour-le-concours-canadien-de-journalisme-de-2020\/#breadcrumb\",\"itemListElement\":[{\"@type\":\"ListItem\",\"position\":1,\"name\":\"Home\",\"item\":\"https:\/\/nna-ccj.ca\/fr\/\"},{\"@type\":\"ListItem\",\"position\":2,\"name\":\"Les nominations sont d\u00e9voil\u00e9es pour le Concours canadien de journalisme de 2020\"}]},{\"@type\":\"WebSite\",\"@id\":\"https:\/\/nna-ccj.ca\/#website\",\"url\":\"https:\/\/nna-ccj.ca\/\",\"name\":\"National Newspaper Awards\",\"description\":\"Honouring the best in Canadian Journalism since 1949\",\"potentialAction\":[{\"@type\":\"SearchAction\",\"target\":{\"@type\":\"EntryPoint\",\"urlTemplate\":\"https:\/\/nna-ccj.ca\/?s={search_term_string}\"},\"query-input\":{\"@type\":\"PropertyValueSpecification\",\"valueRequired\":true,\"valueName\":\"search_term_string\"}}],\"inLanguage\":\"fr-FR\"},{\"@type\":\"Person\",\"@id\":\"https:\/\/nna-ccj.ca\/#\/schema\/person\/852889aa6e5f4e36a5de6a7061fa9265\",\"name\":\"Bev Wake\",\"image\":{\"@type\":\"ImageObject\",\"inLanguage\":\"fr-FR\",\"@id\":\"https:\/\/secure.gravatar.com\/avatar\/6f255ad4a88f2733c38f1b74099dac215238b154831bab54b8f9cdd242fd2d57?s=96&d=mm&r=g\",\"url\":\"https:\/\/secure.gravatar.com\/avatar\/6f255ad4a88f2733c38f1b74099dac215238b154831bab54b8f9cdd242fd2d57?s=96&d=mm&r=g\",\"contentUrl\":\"https:\/\/secure.gravatar.com\/avatar\/6f255ad4a88f2733c38f1b74099dac215238b154831bab54b8f9cdd242fd2d57?s=96&d=mm&r=g\",\"caption\":\"Bev Wake\"},\"url\":\"https:\/\/nna-ccj.ca\/fr\/author\/paulwoods\/\"}]}<\/script>\n<!-- \/ Yoast SEO plugin. -->","yoast_head_json":{"title":"Les nominations sont d\u00e9voil\u00e9es pour le Concours canadien de journalisme de 2020 - National Newspaper Awards","robots":{"index":"index","follow":"follow","max-snippet":"max-snippet:-1","max-image-preview":"max-image-preview:large","max-video-preview":"max-video-preview:-1"},"canonical":"https:\/\/nna-ccj.ca\/fr\/les-nominations-sont-devoilees-pour-le-concours-canadien-de-journalisme-de-2020\/","og_locale":"fr_FR","og_type":"article","og_title":"Les nominations sont d\u00e9voil\u00e9es pour le Concours canadien de journalisme de 2020 - National Newspaper Awards","og_description":"TORONTO, le 18 mars 2021 \u2013 La couverture de la COVID-19, des reportages \u00e0 la premi\u00e8re personne et photos saisissantes aux enqu\u00eates en profondeur et aux [\u2026]","og_url":"https:\/\/nna-ccj.ca\/fr\/les-nominations-sont-devoilees-pour-le-concours-canadien-de-journalisme-de-2020\/","og_site_name":"National Newspaper Awards","article_published_time":"2021-03-18T15:00:54+00:00","article_modified_time":"2021-03-18T20:13:14+00:00","author":"Bev Wake","twitter_card":"summary_large_image","twitter_misc":{"\u00c9crit par":"Bev Wake","Dur\u00e9e de lecture estim\u00e9e":"13 minutes"},"schema":{"@context":"https:\/\/schema.org","@graph":[{"@type":"Article","@id":"https:\/\/nna-ccj.ca\/fr\/les-nominations-sont-devoilees-pour-le-concours-canadien-de-journalisme-de-2020\/#article","isPartOf":{"@id":"https:\/\/nna-ccj.ca\/fr\/les-nominations-sont-devoilees-pour-le-concours-canadien-de-journalisme-de-2020\/"},"author":{"name":"Bev Wake","@id":"https:\/\/nna-ccj.ca\/#\/schema\/person\/852889aa6e5f4e36a5de6a7061fa9265"},"headline":"Les nominations sont d\u00e9voil\u00e9es pour le Concours canadien de journalisme de 2020","datePublished":"2021-03-18T15:00:54+00:00","dateModified":"2021-03-18T20:13:14+00:00","mainEntityOfPage":{"@id":"https:\/\/nna-ccj.ca\/fr\/les-nominations-sont-devoilees-pour-le-concours-canadien-de-journalisme-de-2020\/"},"wordCount":2946,"articleSection":["Non classifi\u00e9(e)"],"inLanguage":"fr-FR"},{"@type":"WebPage","@id":"https:\/\/nna-ccj.ca\/fr\/les-nominations-sont-devoilees-pour-le-concours-canadien-de-journalisme-de-2020\/","url":"https:\/\/nna-ccj.ca\/fr\/les-nominations-sont-devoilees-pour-le-concours-canadien-de-journalisme-de-2020\/","name":"Les nominations sont d\u00e9voil\u00e9es pour le Concours canadien de journalisme de 2020 - National Newspaper Awards","isPartOf":{"@id":"https:\/\/nna-ccj.ca\/#website"},"datePublished":"2021-03-18T15:00:54+00:00","dateModified":"2021-03-18T20:13:14+00:00","author":{"@id":"https:\/\/nna-ccj.ca\/#\/schema\/person\/852889aa6e5f4e36a5de6a7061fa9265"},"breadcrumb":{"@id":"https:\/\/nna-ccj.ca\/fr\/les-nominations-sont-devoilees-pour-le-concours-canadien-de-journalisme-de-2020\/#breadcrumb"},"inLanguage":"fr-FR","potentialAction":[{"@type":"ReadAction","target":["https:\/\/nna-ccj.ca\/fr\/les-nominations-sont-devoilees-pour-le-concours-canadien-de-journalisme-de-2020\/"]}]},{"@type":"BreadcrumbList","@id":"https:\/\/nna-ccj.ca\/fr\/les-nominations-sont-devoilees-pour-le-concours-canadien-de-journalisme-de-2020\/#breadcrumb","itemListElement":[{"@type":"ListItem","position":1,"name":"Home","item":"https:\/\/nna-ccj.ca\/fr\/"},{"@type":"ListItem","position":2,"name":"Les nominations sont d\u00e9voil\u00e9es pour le Concours canadien de journalisme de 2020"}]},{"@type":"WebSite","@id":"https:\/\/nna-ccj.ca\/#website","url":"https:\/\/nna-ccj.ca\/","name":"National Newspaper Awards","description":"Honouring the best in Canadian Journalism since 1949","potentialAction":[{"@type":"SearchAction","target":{"@type":"EntryPoint","urlTemplate":"https:\/\/nna-ccj.ca\/?s={search_term_string}"},"query-input":{"@type":"PropertyValueSpecification","valueRequired":true,"valueName":"search_term_string"}}],"inLanguage":"fr-FR"},{"@type":"Person","@id":"https:\/\/nna-ccj.ca\/#\/schema\/person\/852889aa6e5f4e36a5de6a7061fa9265","name":"Bev Wake","image":{"@type":"ImageObject","inLanguage":"fr-FR","@id":"https:\/\/secure.gravatar.com\/avatar\/6f255ad4a88f2733c38f1b74099dac215238b154831bab54b8f9cdd242fd2d57?s=96&d=mm&r=g","url":"https:\/\/secure.gravatar.com\/avatar\/6f255ad4a88f2733c38f1b74099dac215238b154831bab54b8f9cdd242fd2d57?s=96&d=mm&r=g","contentUrl":"https:\/\/secure.gravatar.com\/avatar\/6f255ad4a88f2733c38f1b74099dac215238b154831bab54b8f9cdd242fd2d57?s=96&d=mm&r=g","caption":"Bev Wake"},"url":"https:\/\/nna-ccj.ca\/fr\/author\/paulwoods\/"}]}},"jetpack_featured_media_url":"","jetpack_sharing_enabled":true,"_links":{"self":[{"href":"https:\/\/nna-ccj.ca\/fr\/wp-json\/wp\/v2\/posts\/5822","targetHints":{"allow":["GET"]}}],"collection":[{"href":"https:\/\/nna-ccj.ca\/fr\/wp-json\/wp\/v2\/posts"}],"about":[{"href":"https:\/\/nna-ccj.ca\/fr\/wp-json\/wp\/v2\/types\/post"}],"author":[{"embeddable":true,"href":"https:\/\/nna-ccj.ca\/fr\/wp-json\/wp\/v2\/users\/4"}],"replies":[{"embeddable":true,"href":"https:\/\/nna-ccj.ca\/fr\/wp-json\/wp\/v2\/comments?post=5822"}],"version-history":[{"count":5,"href":"https:\/\/nna-ccj.ca\/fr\/wp-json\/wp\/v2\/posts\/5822\/revisions"}],"predecessor-version":[{"id":5831,"href":"https:\/\/nna-ccj.ca\/fr\/wp-json\/wp\/v2\/posts\/5822\/revisions\/5831"}],"wp:attachment":[{"href":"https:\/\/nna-ccj.ca\/fr\/wp-json\/wp\/v2\/media?parent=5822"}],"wp:term":[{"taxonomy":"category","embeddable":true,"href":"https:\/\/nna-ccj.ca\/fr\/wp-json\/wp\/v2\/categories?post=5822"},{"taxonomy":"post_tag","embeddable":true,"href":"https:\/\/nna-ccj.ca\/fr\/wp-json\/wp\/v2\/tags?post=5822"}],"curies":[{"name":"wp","href":"https:\/\/api.w.org\/{rel}","templated":true}]}}