{"id":9440,"date":"2024-12-01T02:36:15","date_gmt":"2024-12-01T07:36:15","guid":{"rendered":"https:\/\/nna-ccj.ca\/?p=9440"},"modified":"2024-12-01T02:39:27","modified_gmt":"2024-12-01T07:39:27","slug":"les-candidatures-sont-ouvertes-pour-le-concours-canadien-de-journalisme-de-2024","status":"publish","type":"post","link":"https:\/\/nna-ccj.ca\/fr\/les-candidatures-sont-ouvertes-pour-le-concours-canadien-de-journalisme-de-2024\/","title":{"rendered":"Les candidatures sont ouvertes pour le Concours canadien de journalisme de 2024"},"content":{"rendered":"<h3>Le travail journalistique effectu\u00e9 dans une langue autre que le fran\u00e7ais ou l\u2019anglais peut \u00eatre soumis dans la cat\u00e9gorie Sujet sp\u00e9cial et toute autre cat\u00e9gorie<\/h3>\n<p>TORONTO \u2013 Le Concours canadien de journalisme accepte maintenant les candidatures pour sa 76<sup>e<\/sup> \u00e9dition annuelle.<span class=\"Apple-converted-space\">\u00a0<\/span><\/p>\n<p>Le concours est ouvert aux publications imprim\u00e9es ou num\u00e9riques qui paraissent au moins cinq jours par semaine. Les petits journaux canadiens non quotidiens qui publient g\u00e9n\u00e9ralement au moins cinq jours par semaine en ligne \u2013 mais qui n&rsquo;atteignent pas toujours ce seuil \u2013 sont \u00e9galement admissibles au concours.<\/p>\n<p>Les candidatures dans les 23 cat\u00e9gories seront accept\u00e9es jusqu\u2019au 15 janvier 2025.<\/p>\n<p>Les frais d\u2019inscription au concours demeurent cette ann\u00e9e \u00e0 30\u00a0$ par soumission. On annoncera le nom des finalistes \u00e0 la mi-mars et les laur\u00e9ats seront connus lors d\u2019un gala en pr\u00e9sentiel le 26 avril \u00e0 l\u2019h\u00f4tel Marriott Ch\u00e2teau Champlain \u00e0 Montr\u00e9al. Les billets seront mis en vente le printemps prochain.<\/p>\n<p>On pourra soumettre des candidatures dans une langue autre que le fran\u00e7ais ou l\u2019anglais dans n\u2019importe quelle cat\u00e9gorie cette ann\u00e9e, de m\u00eame que dans la cat\u00e9gorie Sujet sp\u00e9cial, qui pour une deuxi\u00e8me ann\u00e9e cons\u00e9cutive est r\u00e9serv\u00e9e au travail effectu\u00e9 dans une langue autre que le fran\u00e7ais ou l\u2019anglais.<span class=\"Apple-converted-space\">\u00a0<\/span><\/p>\n<p>Les soumissions dans la cat\u00e9gorie Reportage photo, aussi nouvellement cr\u00e9\u00e9e l\u2019an dernier, peuvent maintenant \u00eatre attribu\u00e9es \u00e0 un ou plusieurs photographes, pourvu que les images forment un r\u00e9cit coh\u00e9rent. Les trois autres cat\u00e9gories photo pour 2024 sont : Photo d\u2019actualit\u00e9, Photo documentaire et Photo de sport.<\/p>\n<p>Pour \u00eatre admissible, une candidature doit avoir \u00e9t\u00e9 originellement publi\u00e9e en 2024 par une organisation admissible, dont le travail a \u00e9t\u00e9 effectu\u00e9 par un candidat admissible tel que d\u00e9fini par les r\u00e8gles du concours. On peut consulter <a href=\"https:\/\/nna-ccj.ca\/fr\/reglements-du-concours\/\">ici<\/a> les r\u00e8glements du concours, alors qu\u2019on peut trouver <a href=\"https:\/\/nna-ccj.ca\/fr\/conseils-de-participation\/\">ici<\/a> les proc\u00e9dures d\u2019inscription au concours et <a href=\"https:\/\/nna-ccj.ca\/fr\/conseils-pour-une-candidature-reussie\/\">ici<\/a> les conseils pour utiliser le syst\u00e8me. La liste des cat\u00e9gories se trouve <a href=\"https:\/\/nna-ccj.ca\/fr\/categories-de-participation\/\">ici<\/a>.<span class=\"Apple-converted-space\">\u00a0<\/span><\/p>\n<p>M\u00eame si les lettres de pr\u00e9sentation ne sont pas obligatoires pour toutes les cat\u00e9gories, elles sont encourag\u00e9es parce qu\u2019elles fournissent un contexte pr\u00e9cieux aux juges. Une vid\u00e9o sur la fa\u00e7on de r\u00e9diger une lettre de pr\u00e9sentation peut \u00eatre consult\u00e9e <a href=\"https:\/\/nna-ccj.ca\/fr\/comment-ecrire-une-lettre-de-presentation\/\">ici<\/a>.<\/p>\n<p>Le travail qui ne correspond pas nettement aux 23 cat\u00e9gories, incluant le travail effectu\u00e9 par des organisations non admissibles comme les t\u00e9l\u00e9radiodiffuseurs ou les magazines canadiens peuvent \u00eatre admissibles \u00e0 une Distinction honorifique sp\u00e9ciale. La Distinction, d\u00e9cern\u00e9e pour la premi\u00e8re fois en 2022, vise \u00e0 ouvrir la voie \u00e0 l&rsquo;exp\u00e9rimentation dans le domaine du journalisme, en transcendant les cat\u00e9gories, les salles de r\u00e9daction et le secteur en entier. Tous les types de journalisme seront pris en compte pour la Distinction, y compris texte, vid\u00e9o, audio, photo, graphique, bulletins d&rsquo;information et m\u00e9dias sociaux. Les premiers laur\u00e9ats ont \u00e9t\u00e9<span class=\"Apple-converted-space\">\u00a0 <\/span><a href=\"https:\/\/www.roomupfront.ca\/\">Room Up Front<\/a> (2022) et <a href=\"https:\/\/climatedisasterproject.com\/\">Climate Disaster Project<\/a> (2023).<span class=\"Apple-converted-space\">\u00a0<\/span><\/p>\n<p>Les candidatures \u00e0 la Distinction peuvent \u00eatre soumises par les organisations qui ont r\u00e9alis\u00e9 le travail ou par des membres du public. Il n&rsquo;y a pas de frais d&rsquo;inscription pour les candidatures \u00e0 la Distinction. On peut en apprendre davantage sur la proc\u00e9dure de nomination pour la Distinction <a href=\"https:\/\/nna-ccj.ca\/fr\/distinction-honorifique-speciale\/\">ici<\/a>.<span class=\"Apple-converted-space\">\u00a0<\/span><\/p>\n<p>Apr\u00e8s l\u2019ouverture des candidatures le 1<sup>er<\/sup> d\u00e9cembre, les dates de fermeture des candidatures seront \u00e9chelonn\u00e9es de la fa\u00e7on suivante\u00a0:<span class=\"Apple-converted-space\">\u00a0<\/span><\/p>\n<p><strong>Culture et divertissement<\/strong><b> <\/b>: jeudi 9 janvier<\/p>\n<p><strong>Journalisme sp\u00e9cialis\u00e9 (Prix Joan Hollobon)<\/strong><b>\u00a0<\/b>: mercredi 15 janvier<\/p>\n<p><strong>Nouvelle de derni\u00e8re heure (Prix Stuart M. Robertson)<\/strong><b> <\/b>: mercredi 15 janvier<span class=\"Apple-converted-space\">\u00a0<\/span><\/p>\n<p><strong>\u00c9conomie<\/strong><b> <\/b>: samedi 11 janvier<\/p>\n<p><strong>Chronique\u00a0(Prix Mary Ann Shadd Cary)<\/strong><b> <\/b>: samedi 11 janvier<\/p>\n<p><strong>Caricature<\/strong><b> <\/b>: jeudi 9 janvier<\/p>\n<p><strong>\u00c9ditorial (Prix Claude Ryan) <\/strong>: jeudi 9 janvier<\/p>\n<p><strong>Texte explicatif <\/strong>: samedi 11 janvier<\/p>\n<p><strong>Photo documentaire<\/strong><b> <\/b>: jeudi 9 janvier<\/p>\n<p><strong>Photo d\u2019actualit\u00e9<\/strong><b> <\/b>: lundi 13 janvier<\/p>\n<p><strong>Reportage \u00e0 caract\u00e8re international (Prix Norman Webster)<\/strong><b> <\/b>: lundi 13 janvier<\/p>\n<p><strong>Grande Enqu\u00eate (Prix George Brown) <\/strong>: mercredi 15 janvier<\/p>\n<p><strong>Reportage \u00e0 caract\u00e8re local (Prix E. Cora Hind)<\/strong><b> <\/b>: samedi 11 janvier<\/p>\n<p><strong>Article de fond (Prix William Southam)<\/strong><b> <\/b>: lundi 13 janvier<\/p>\n<p><strong>Reportage photo<\/strong><b> <\/b>: mercredi 15 janvier<\/p>\n<p><strong>Politique (Prix John Wesley Dafoe)<\/strong><b> <\/b>: lundi 13 janvier<\/p>\n<p><strong>Pr\u00e9sentation\/Conception graphique<\/strong><b> <\/b>: lundi 13 janvier<span class=\"Apple-converted-space\">\u00a0<\/span><\/p>\n<p><strong>Projet de l\u2019ann\u00e9e (Prix John Honderich)<\/strong><b> <\/b>: lundi 13 janvier<\/p>\n<p><strong>Reportage bref (Prix Bob Levin)<\/strong><b> <\/b>: mercredi 15 janvier<\/p>\n<p><strong>Sujet sp\u00e9cial (Journalisme dans une langue autre que le fran\u00e7ais ou l\u2019anglais)<\/strong><b> <\/b>: mercredi 15 janvier<\/p>\n<p><strong>Sport<\/strong><b> <\/b>: jeudi 9 janvier<\/p>\n<p><strong>Photo de sport<\/strong><b> <\/b>: samedi 11 janvier<\/p>\n<p><strong>Reportage en continu<\/strong><b> <\/b>: lundi 13 janvier<\/p>\n<p><strong>Distinction honorifique sp\u00e9ciale<\/strong> : mercredi 15 janvier<span class=\"Apple-converted-space\">\u00a0<\/span><\/p>\n<p>Les possibilit\u00e9s de commandite sont ouvertes pour le gala et pour les prix parrain\u00e9s. Pour plus d\u2019information \u00e0 ce sujet, communiquez avec Amanda Hansen aux coordonn\u00e9es ci-dessous.<\/p>\n<p>Il s\u2019agit de la 76<sup>e<\/sup> ann\u00e9e du programme de prix et de la 36<sup>e<\/sup> en vertu de la pr\u00e9sente structure administrative. Le Concours a \u00e9t\u00e9 cr\u00e9\u00e9 par le Toronto Press Club en 1949 pour encourager et r\u00e9compenser l\u2019excellence du travail journalistique dans les quotidiens au Canada. Le Concours est maintenant ouvert aux journaux quotidiens, agences de presse et sites de nouvelles en ligne dont les candidatures ont \u00e9t\u00e9 approuv\u00e9es par le conseil des gouverneurs du CCJ.<\/p>\n<p>Pour plus d\u2019information, communiquez avec :<\/p>\n<p><strong>Bev Wake<\/strong><b><br \/>\n<\/b>Directrice g\u00e9n\u00e9rale<br \/>\nConcours canadien de journalisme<br \/>\nexec@nna-ccj.ca<br \/>\n604-220-7254<span class=\"Apple-converted-space\">\u00a0<\/span><\/p>\n<p><strong>Andria Samis<\/strong><b><br \/>\n<\/b>Directrice de programme<br \/>\nConcours canadien de journalisme<br \/>\ninfo@nna-ccj.ca<br \/>\n416-738-3654<\/p>\n<p><strong>Amanda Hansen<\/strong><br \/>\nDirectrice des commandites<br \/>\nConcours canadien de journalisme<br \/>\npromotion@nna-ccj.ca<br \/>\n819-583-9609<\/p>\n","protected":false},"excerpt":{"rendered":"<p>Le travail journalistique effectu\u00e9 dans une langue autre que le fran\u00e7ais ou l\u2019anglais peut \u00eatre soumis dans la cat\u00e9gorie Sujet sp\u00e9cial et toute autre cat\u00e9gorie TORONTO<span class=\"excerpt-hellip\"> [\u2026]<\/span><\/p>\n","protected":false},"author":4,"featured_media":6975,"comment_status":"closed","ping_status":"closed","sticky":false,"template":"","format":"standard","meta":{"_jetpack_memberships_contains_paid_content":false,"footnotes":""},"categories":[57],"tags":[],"class_list":["post-9440","post","type-post","status-publish","format-standard","has-post-thumbnail","hentry","category-nouvelles-ccj"],"yoast_head":"<!-- This site is optimized with the Yoast SEO plugin v27.5 - https:\/\/yoast.com\/product\/yoast-seo-wordpress\/ -->\n<title>Les candidatures sont ouvertes pour le Concours canadien de journalisme de 2024 - National Newspaper Awards<\/title>\n<meta name=\"robots\" content=\"index, follow, max-snippet:-1, max-image-preview:large, max-video-preview:-1\" \/>\n<link rel=\"canonical\" href=\"https:\/\/nna-ccj.ca\/fr\/les-candidatures-sont-ouvertes-pour-le-concours-canadien-de-journalisme-de-2024\/\" \/>\n<meta property=\"og:locale\" content=\"fr_FR\" \/>\n<meta property=\"og:type\" content=\"article\" \/>\n<meta property=\"og:title\" content=\"Les candidatures sont ouvertes pour le Concours canadien de journalisme de 2024 - National Newspaper Awards\" \/>\n<meta property=\"og:description\" content=\"Le travail journalistique effectu\u00e9 dans une langue autre que le fran\u00e7ais ou l\u2019anglais peut \u00eatre soumis dans la cat\u00e9gorie Sujet sp\u00e9cial et toute autre cat\u00e9gorie TORONTO [\u2026]\" \/>\n<meta property=\"og:url\" content=\"https:\/\/nna-ccj.ca\/fr\/les-candidatures-sont-ouvertes-pour-le-concours-canadien-de-journalisme-de-2024\/\" \/>\n<meta property=\"og:site_name\" content=\"National Newspaper Awards\" \/>\n<meta property=\"article:published_time\" content=\"2024-12-01T07:36:15+00:00\" \/>\n<meta property=\"article:modified_time\" content=\"2024-12-01T07:39:27+00:00\" \/>\n<meta property=\"og:image\" content=\"https:\/\/nna-ccj.ca\/wp-content\/uploads\/2022\/12\/pexels-\u0432\u0430\u0441\u0438\u043b\u044c-\u0432\u043e\u0432\u043a-4405368-1.jpg\" \/>\n\t<meta property=\"og:image:width\" content=\"1200\" \/>\n\t<meta property=\"og:image:height\" content=\"900\" \/>\n\t<meta property=\"og:image:type\" content=\"image\/jpeg\" \/>\n<meta name=\"author\" content=\"Bev Wake\" \/>\n<meta name=\"twitter:card\" content=\"summary_large_image\" \/>\n<meta name=\"twitter:label1\" content=\"\u00c9crit par\" \/>\n\t<meta name=\"twitter:data1\" content=\"Bev Wake\" \/>\n\t<meta name=\"twitter:label2\" content=\"Dur\u00e9e de lecture estim\u00e9e\" \/>\n\t<meta name=\"twitter:data2\" content=\"4 minutes\" \/>\n<script type=\"application\/ld+json\" class=\"yoast-schema-graph\">{\"@context\":\"https:\\\/\\\/schema.org\",\"@graph\":[{\"@type\":\"Article\",\"@id\":\"https:\\\/\\\/nna-ccj.ca\\\/fr\\\/les-candidatures-sont-ouvertes-pour-le-concours-canadien-de-journalisme-de-2024\\\/#article\",\"isPartOf\":{\"@id\":\"https:\\\/\\\/nna-ccj.ca\\\/fr\\\/les-candidatures-sont-ouvertes-pour-le-concours-canadien-de-journalisme-de-2024\\\/\"},\"author\":{\"name\":\"Bev Wake\",\"@id\":\"https:\\\/\\\/nna-ccj.ca\\\/#\\\/schema\\\/person\\\/852889aa6e5f4e36a5de6a7061fa9265\"},\"headline\":\"Les candidatures sont ouvertes pour le Concours canadien de journalisme de 2024\",\"datePublished\":\"2024-12-01T07:36:15+00:00\",\"dateModified\":\"2024-12-01T07:39:27+00:00\",\"mainEntityOfPage\":{\"@id\":\"https:\\\/\\\/nna-ccj.ca\\\/fr\\\/les-candidatures-sont-ouvertes-pour-le-concours-canadien-de-journalisme-de-2024\\\/\"},\"wordCount\":923,\"image\":{\"@id\":\"https:\\\/\\\/nna-ccj.ca\\\/fr\\\/les-candidatures-sont-ouvertes-pour-le-concours-canadien-de-journalisme-de-2024\\\/#primaryimage\"},\"thumbnailUrl\":\"https:\\\/\\\/nna-ccj.ca\\\/wp-content\\\/uploads\\\/2022\\\/12\\\/pexels-\u0432\u0430\u0441\u0438\u043b\u044c-\u0432\u043e\u0432\u043a-4405368-1.jpg\",\"articleSection\":[\"Nouvelles CCJ\"],\"inLanguage\":\"fr-FR\"},{\"@type\":\"WebPage\",\"@id\":\"https:\\\/\\\/nna-ccj.ca\\\/fr\\\/les-candidatures-sont-ouvertes-pour-le-concours-canadien-de-journalisme-de-2024\\\/\",\"url\":\"https:\\\/\\\/nna-ccj.ca\\\/fr\\\/les-candidatures-sont-ouvertes-pour-le-concours-canadien-de-journalisme-de-2024\\\/\",\"name\":\"Les candidatures sont ouvertes pour le Concours canadien de journalisme de 2024 - National Newspaper Awards\",\"isPartOf\":{\"@id\":\"https:\\\/\\\/nna-ccj.ca\\\/#website\"},\"primaryImageOfPage\":{\"@id\":\"https:\\\/\\\/nna-ccj.ca\\\/fr\\\/les-candidatures-sont-ouvertes-pour-le-concours-canadien-de-journalisme-de-2024\\\/#primaryimage\"},\"image\":{\"@id\":\"https:\\\/\\\/nna-ccj.ca\\\/fr\\\/les-candidatures-sont-ouvertes-pour-le-concours-canadien-de-journalisme-de-2024\\\/#primaryimage\"},\"thumbnailUrl\":\"https:\\\/\\\/nna-ccj.ca\\\/wp-content\\\/uploads\\\/2022\\\/12\\\/pexels-\u0432\u0430\u0441\u0438\u043b\u044c-\u0432\u043e\u0432\u043a-4405368-1.jpg\",\"datePublished\":\"2024-12-01T07:36:15+00:00\",\"dateModified\":\"2024-12-01T07:39:27+00:00\",\"author\":{\"@id\":\"https:\\\/\\\/nna-ccj.ca\\\/#\\\/schema\\\/person\\\/852889aa6e5f4e36a5de6a7061fa9265\"},\"breadcrumb\":{\"@id\":\"https:\\\/\\\/nna-ccj.ca\\\/fr\\\/les-candidatures-sont-ouvertes-pour-le-concours-canadien-de-journalisme-de-2024\\\/#breadcrumb\"},\"inLanguage\":\"fr-FR\",\"potentialAction\":[{\"@type\":\"ReadAction\",\"target\":[\"https:\\\/\\\/nna-ccj.ca\\\/fr\\\/les-candidatures-sont-ouvertes-pour-le-concours-canadien-de-journalisme-de-2024\\\/\"]}]},{\"@type\":\"ImageObject\",\"inLanguage\":\"fr-FR\",\"@id\":\"https:\\\/\\\/nna-ccj.ca\\\/fr\\\/les-candidatures-sont-ouvertes-pour-le-concours-canadien-de-journalisme-de-2024\\\/#primaryimage\",\"url\":\"https:\\\/\\\/nna-ccj.ca\\\/wp-content\\\/uploads\\\/2022\\\/12\\\/pexels-\u0432\u0430\u0441\u0438\u043b\u044c-\u0432\u043e\u0432\u043a-4405368-1.jpg\",\"contentUrl\":\"https:\\\/\\\/nna-ccj.ca\\\/wp-content\\\/uploads\\\/2022\\\/12\\\/pexels-\u0432\u0430\u0441\u0438\u043b\u044c-\u0432\u043e\u0432\u043a-4405368-1.jpg\",\"width\":1200,\"height\":900},{\"@type\":\"BreadcrumbList\",\"@id\":\"https:\\\/\\\/nna-ccj.ca\\\/fr\\\/les-candidatures-sont-ouvertes-pour-le-concours-canadien-de-journalisme-de-2024\\\/#breadcrumb\",\"itemListElement\":[{\"@type\":\"ListItem\",\"position\":1,\"name\":\"Home\",\"item\":\"https:\\\/\\\/nna-ccj.ca\\\/fr\\\/\"},{\"@type\":\"ListItem\",\"position\":2,\"name\":\"Les candidatures sont ouvertes pour le Concours canadien de journalisme de 2024\"}]},{\"@type\":\"WebSite\",\"@id\":\"https:\\\/\\\/nna-ccj.ca\\\/#website\",\"url\":\"https:\\\/\\\/nna-ccj.ca\\\/\",\"name\":\"National Newspaper Awards\",\"description\":\"Honouring the best in Canadian Journalism since 1949\",\"potentialAction\":[{\"@type\":\"SearchAction\",\"target\":{\"@type\":\"EntryPoint\",\"urlTemplate\":\"https:\\\/\\\/nna-ccj.ca\\\/?s={search_term_string}\"},\"query-input\":{\"@type\":\"PropertyValueSpecification\",\"valueRequired\":true,\"valueName\":\"search_term_string\"}}],\"inLanguage\":\"fr-FR\"},{\"@type\":\"Person\",\"@id\":\"https:\\\/\\\/nna-ccj.ca\\\/#\\\/schema\\\/person\\\/852889aa6e5f4e36a5de6a7061fa9265\",\"name\":\"Bev Wake\",\"image\":{\"@type\":\"ImageObject\",\"inLanguage\":\"fr-FR\",\"@id\":\"https:\\\/\\\/secure.gravatar.com\\\/avatar\\\/6f255ad4a88f2733c38f1b74099dac215238b154831bab54b8f9cdd242fd2d57?s=96&d=mm&r=g\",\"url\":\"https:\\\/\\\/secure.gravatar.com\\\/avatar\\\/6f255ad4a88f2733c38f1b74099dac215238b154831bab54b8f9cdd242fd2d57?s=96&d=mm&r=g\",\"contentUrl\":\"https:\\\/\\\/secure.gravatar.com\\\/avatar\\\/6f255ad4a88f2733c38f1b74099dac215238b154831bab54b8f9cdd242fd2d57?s=96&d=mm&r=g\",\"caption\":\"Bev Wake\"},\"url\":\"https:\\\/\\\/nna-ccj.ca\\\/fr\\\/author\\\/paulwoods\\\/\"}]}<\/script>\n<!-- \/ Yoast SEO plugin. -->","yoast_head_json":{"title":"Les candidatures sont ouvertes pour le Concours canadien de journalisme de 2024 - National Newspaper Awards","robots":{"index":"index","follow":"follow","max-snippet":"max-snippet:-1","max-image-preview":"max-image-preview:large","max-video-preview":"max-video-preview:-1"},"canonical":"https:\/\/nna-ccj.ca\/fr\/les-candidatures-sont-ouvertes-pour-le-concours-canadien-de-journalisme-de-2024\/","og_locale":"fr_FR","og_type":"article","og_title":"Les candidatures sont ouvertes pour le Concours canadien de journalisme de 2024 - National Newspaper Awards","og_description":"Le travail journalistique effectu\u00e9 dans une langue autre que le fran\u00e7ais ou l\u2019anglais peut \u00eatre soumis dans la cat\u00e9gorie Sujet sp\u00e9cial et toute autre cat\u00e9gorie TORONTO [\u2026]","og_url":"https:\/\/nna-ccj.ca\/fr\/les-candidatures-sont-ouvertes-pour-le-concours-canadien-de-journalisme-de-2024\/","og_site_name":"National Newspaper Awards","article_published_time":"2024-12-01T07:36:15+00:00","article_modified_time":"2024-12-01T07:39:27+00:00","og_image":[{"width":1200,"height":900,"url":"https:\/\/nna-ccj.ca\/wp-content\/uploads\/2022\/12\/pexels-\u0432\u0430\u0441\u0438\u043b\u044c-\u0432\u043e\u0432\u043a-4405368-1.jpg","type":"image\/jpeg"}],"author":"Bev Wake","twitter_card":"summary_large_image","twitter_misc":{"\u00c9crit par":"Bev Wake","Dur\u00e9e de lecture estim\u00e9e":"4 minutes"},"schema":{"@context":"https:\/\/schema.org","@graph":[{"@type":"Article","@id":"https:\/\/nna-ccj.ca\/fr\/les-candidatures-sont-ouvertes-pour-le-concours-canadien-de-journalisme-de-2024\/#article","isPartOf":{"@id":"https:\/\/nna-ccj.ca\/fr\/les-candidatures-sont-ouvertes-pour-le-concours-canadien-de-journalisme-de-2024\/"},"author":{"name":"Bev Wake","@id":"https:\/\/nna-ccj.ca\/#\/schema\/person\/852889aa6e5f4e36a5de6a7061fa9265"},"headline":"Les candidatures sont ouvertes pour le Concours canadien de journalisme de 2024","datePublished":"2024-12-01T07:36:15+00:00","dateModified":"2024-12-01T07:39:27+00:00","mainEntityOfPage":{"@id":"https:\/\/nna-ccj.ca\/fr\/les-candidatures-sont-ouvertes-pour-le-concours-canadien-de-journalisme-de-2024\/"},"wordCount":923,"image":{"@id":"https:\/\/nna-ccj.ca\/fr\/les-candidatures-sont-ouvertes-pour-le-concours-canadien-de-journalisme-de-2024\/#primaryimage"},"thumbnailUrl":"https:\/\/nna-ccj.ca\/wp-content\/uploads\/2022\/12\/pexels-\u0432\u0430\u0441\u0438\u043b\u044c-\u0432\u043e\u0432\u043a-4405368-1.jpg","articleSection":["Nouvelles CCJ"],"inLanguage":"fr-FR"},{"@type":"WebPage","@id":"https:\/\/nna-ccj.ca\/fr\/les-candidatures-sont-ouvertes-pour-le-concours-canadien-de-journalisme-de-2024\/","url":"https:\/\/nna-ccj.ca\/fr\/les-candidatures-sont-ouvertes-pour-le-concours-canadien-de-journalisme-de-2024\/","name":"Les candidatures sont ouvertes pour le Concours canadien de journalisme de 2024 - National Newspaper Awards","isPartOf":{"@id":"https:\/\/nna-ccj.ca\/#website"},"primaryImageOfPage":{"@id":"https:\/\/nna-ccj.ca\/fr\/les-candidatures-sont-ouvertes-pour-le-concours-canadien-de-journalisme-de-2024\/#primaryimage"},"image":{"@id":"https:\/\/nna-ccj.ca\/fr\/les-candidatures-sont-ouvertes-pour-le-concours-canadien-de-journalisme-de-2024\/#primaryimage"},"thumbnailUrl":"https:\/\/nna-ccj.ca\/wp-content\/uploads\/2022\/12\/pexels-\u0432\u0430\u0441\u0438\u043b\u044c-\u0432\u043e\u0432\u043a-4405368-1.jpg","datePublished":"2024-12-01T07:36:15+00:00","dateModified":"2024-12-01T07:39:27+00:00","author":{"@id":"https:\/\/nna-ccj.ca\/#\/schema\/person\/852889aa6e5f4e36a5de6a7061fa9265"},"breadcrumb":{"@id":"https:\/\/nna-ccj.ca\/fr\/les-candidatures-sont-ouvertes-pour-le-concours-canadien-de-journalisme-de-2024\/#breadcrumb"},"inLanguage":"fr-FR","potentialAction":[{"@type":"ReadAction","target":["https:\/\/nna-ccj.ca\/fr\/les-candidatures-sont-ouvertes-pour-le-concours-canadien-de-journalisme-de-2024\/"]}]},{"@type":"ImageObject","inLanguage":"fr-FR","@id":"https:\/\/nna-ccj.ca\/fr\/les-candidatures-sont-ouvertes-pour-le-concours-canadien-de-journalisme-de-2024\/#primaryimage","url":"https:\/\/nna-ccj.ca\/wp-content\/uploads\/2022\/12\/pexels-\u0432\u0430\u0441\u0438\u043b\u044c-\u0432\u043e\u0432\u043a-4405368-1.jpg","contentUrl":"https:\/\/nna-ccj.ca\/wp-content\/uploads\/2022\/12\/pexels-\u0432\u0430\u0441\u0438\u043b\u044c-\u0432\u043e\u0432\u043a-4405368-1.jpg","width":1200,"height":900},{"@type":"BreadcrumbList","@id":"https:\/\/nna-ccj.ca\/fr\/les-candidatures-sont-ouvertes-pour-le-concours-canadien-de-journalisme-de-2024\/#breadcrumb","itemListElement":[{"@type":"ListItem","position":1,"name":"Home","item":"https:\/\/nna-ccj.ca\/fr\/"},{"@type":"ListItem","position":2,"name":"Les candidatures sont ouvertes pour le Concours canadien de journalisme de 2024"}]},{"@type":"WebSite","@id":"https:\/\/nna-ccj.ca\/#website","url":"https:\/\/nna-ccj.ca\/","name":"National Newspaper Awards","description":"Honouring the best in Canadian Journalism since 1949","potentialAction":[{"@type":"SearchAction","target":{"@type":"EntryPoint","urlTemplate":"https:\/\/nna-ccj.ca\/?s={search_term_string}"},"query-input":{"@type":"PropertyValueSpecification","valueRequired":true,"valueName":"search_term_string"}}],"inLanguage":"fr-FR"},{"@type":"Person","@id":"https:\/\/nna-ccj.ca\/#\/schema\/person\/852889aa6e5f4e36a5de6a7061fa9265","name":"Bev Wake","image":{"@type":"ImageObject","inLanguage":"fr-FR","@id":"https:\/\/secure.gravatar.com\/avatar\/6f255ad4a88f2733c38f1b74099dac215238b154831bab54b8f9cdd242fd2d57?s=96&d=mm&r=g","url":"https:\/\/secure.gravatar.com\/avatar\/6f255ad4a88f2733c38f1b74099dac215238b154831bab54b8f9cdd242fd2d57?s=96&d=mm&r=g","contentUrl":"https:\/\/secure.gravatar.com\/avatar\/6f255ad4a88f2733c38f1b74099dac215238b154831bab54b8f9cdd242fd2d57?s=96&d=mm&r=g","caption":"Bev Wake"},"url":"https:\/\/nna-ccj.ca\/fr\/author\/paulwoods\/"}]}},"jetpack_featured_media_url":"https:\/\/nna-ccj.ca\/wp-content\/uploads\/2022\/12\/pexels-\u0432\u0430\u0441\u0438\u043b\u044c-\u0432\u043e\u0432\u043a-4405368-1.jpg","jetpack_sharing_enabled":true,"_links":{"self":[{"href":"https:\/\/nna-ccj.ca\/fr\/wp-json\/wp\/v2\/posts\/9440","targetHints":{"allow":["GET"]}}],"collection":[{"href":"https:\/\/nna-ccj.ca\/fr\/wp-json\/wp\/v2\/posts"}],"about":[{"href":"https:\/\/nna-ccj.ca\/fr\/wp-json\/wp\/v2\/types\/post"}],"author":[{"embeddable":true,"href":"https:\/\/nna-ccj.ca\/fr\/wp-json\/wp\/v2\/users\/4"}],"replies":[{"embeddable":true,"href":"https:\/\/nna-ccj.ca\/fr\/wp-json\/wp\/v2\/comments?post=9440"}],"version-history":[{"count":2,"href":"https:\/\/nna-ccj.ca\/fr\/wp-json\/wp\/v2\/posts\/9440\/revisions"}],"predecessor-version":[{"id":9442,"href":"https:\/\/nna-ccj.ca\/fr\/wp-json\/wp\/v2\/posts\/9440\/revisions\/9442"}],"wp:featuredmedia":[{"embeddable":true,"href":"https:\/\/nna-ccj.ca\/fr\/wp-json\/wp\/v2\/media\/6975"}],"wp:attachment":[{"href":"https:\/\/nna-ccj.ca\/fr\/wp-json\/wp\/v2\/media?parent=9440"}],"wp:term":[{"taxonomy":"category","embeddable":true,"href":"https:\/\/nna-ccj.ca\/fr\/wp-json\/wp\/v2\/categories?post=9440"},{"taxonomy":"post_tag","embeddable":true,"href":"https:\/\/nna-ccj.ca\/fr\/wp-json\/wp\/v2\/tags?post=9440"}],"curies":[{"name":"wp","href":"https:\/\/api.w.org\/{rel}","templated":true}]}}